{"id":1432,"date":"2023-11-27T17:00:00","date_gmt":"2023-11-27T16:00:00","guid":{"rendered":"https:\/\/deniksuper.cz\/?p=1432"},"modified":"2024-08-29T17:00:54","modified_gmt":"2024-08-29T15:00:54","slug":"vliv-prirodni-kosmetiky-na-dusi-i-telo","status":"publish","type":"post","link":"https:\/\/deniksuper.cz\/?p=1432","title":{"rendered":"Vliv p\u0159\u00edrodn\u00ed kosmetiky na du\u0161i i t\u011blo"},"content":{"rendered":"\n<p class=\"wp-block-paragraph\">P\u0159\u00edrodn\u00ed kosmetika si v posledn\u00edch letech z\u00edsk\u00e1v\u00e1 st\u00e1le v\u011bt\u0161\u00ed oblibu. A nen\u00ed se \u010demu divit. Krom\u011b toho, \u017ee je \u0161etrn\u011bj\u0161\u00ed k na\u0161\u00ed poko\u017ece, m\u00e1 tak\u00e9 pozitivn\u00ed vliv na na\u0161i mysl a celkov\u00e9 pohodl\u00ed.<\/p>\n\n\n\n<h3 class=\"wp-block-heading\">Pro\u010d si vybrat p\u0159\u00edrodn\u00ed kosmetiku?<\/h3>\n\n\n\n<ul class=\"wp-block-list\">\n<li><strong>Slo\u017een\u00ed:<\/strong> P\u0159\u00edrodn\u00ed kosmetika je vyr\u00e1b\u011bna z p\u0159\u00edrodn\u00edch surovin, jako jsou rostlinn\u00e9 oleje, v\u00fdta\u017eky z bylin a esenci\u00e1ln\u00ed oleje. Tyto l\u00e1tky jsou \u0161etrn\u00e9 k poko\u017ece a m\u00e9n\u011b zat\u011b\u017euj\u00ed \u017eivotn\u00ed prost\u0159ed\u00ed.<\/li>\n\n\n\n<li><strong>Zdrav\u00ed:<\/strong> Mnoho konven\u010dn\u00edch kosmetick\u00fdch produkt\u016f obsahuje syntetick\u00e9 l\u00e1tky, parf\u00e9my a konzervanty, kter\u00e9 mohou zp\u016fsobit alergick\u00e9 reakce a podr\u00e1\u017ed\u011bn\u00ed poko\u017eky. P\u0159\u00edrodn\u00ed kosmetika je \u0161etrn\u011bj\u0161\u00ed a m\u00e9n\u011b pravd\u011bpodobn\u00e9, \u017ee vyvol\u00e1 ne\u017e\u00e1douc\u00ed \u00fa\u010dinky.<\/li>\n\n\n\n<li><strong>P\u00e9\u010de o \u017eivotn\u00ed prost\u0159ed\u00ed:<\/strong> V\u00fdroba p\u0159\u00edrodn\u00ed kosmetiky klade d\u016fraz na udr\u017eitelnost a minimalizaci negativn\u00edho dopadu na \u017eivotn\u00ed prost\u0159ed\u00ed.<\/li>\n\n\n\n<li><strong>Pohoda:<\/strong> Pou\u017e\u00edv\u00e1n\u00ed p\u0159\u00edrodn\u00ed kosmetiky je \u010dasto spojeno s ritu\u00e1lem p\u00e9\u010de o sebe sama. P\u0159\u00edjemn\u00e9 v\u016fn\u011b a textury p\u0159\u00edrodn\u00edch produkt\u016f mohou p\u0159isp\u011bt k relaxaci a zlep\u0161en\u00ed n\u00e1lady.<\/li>\n<\/ul>\n\n\n\n<h3 class=\"wp-block-heading\">Jak\u00e9 jsou benefity p\u0159\u00edrodn\u00ed kosmetiky pro du\u0161i a t\u011blo?<\/h3>\n\n\n\n<ul class=\"wp-block-list\">\n<li><strong>Zlep\u0161en\u00ed stavu poko\u017eky:<\/strong> P\u0159\u00edrodn\u00ed kosmetika pom\u00e1h\u00e1 udr\u017eovat p\u0159irozenou rovnov\u00e1hu poko\u017eky, hydratuje ji, vy\u017eivuje a chr\u00e1n\u00ed.<\/li>\n\n\n\n<li><strong>Sn\u00ed\u017een\u00ed stresu:<\/strong> Aromaterapie, kter\u00e1 je \u010dasto spojena s p\u0159\u00edrodn\u00ed kosmetikou, m\u016f\u017ee pomoci sn\u00ed\u017eit stres a zlep\u0161it n\u00e1ladu.<\/li>\n\n\n\n<li><strong>Zv\u00fd\u0161en\u00ed sebed\u016fv\u011bry:<\/strong> Kdy\u017e se o sebe star\u00e1me pomoc\u00ed p\u0159\u00edrodn\u00edch produkt\u016f, c\u00edt\u00edme se l\u00e9pe a sebev\u011bdom\u011bji.<\/li>\n\n\n\n<li><strong>Podpora zdrav\u00e9ho \u017eivotn\u00edho stylu:<\/strong> Pou\u017e\u00edv\u00e1n\u00ed p\u0159\u00edrodn\u00ed kosmetiky je sou\u010d\u00e1st\u00ed celkov\u00e9ho zdrav\u00e9ho \u017eivotn\u00edho stylu.<\/li>\n<\/ul>\n\n\n\n<h3 class=\"wp-block-heading\">Na co si d\u00e1t pozor p\u0159i v\u00fdb\u011bru p\u0159\u00edrodn\u00ed kosmetiky?<\/h3>\n\n\n\n<ul class=\"wp-block-list\">\n<li><strong>Certifik\u00e1ty:<\/strong> Vyb\u00edrejte produkty s certifik\u00e1ty, jako jsou nap\u0159\u00edklad Ecocert, BDIH nebo NaTrue. Tyto certifik\u00e1ty zaru\u010duj\u00ed, \u017ee produkt spl\u0148uje p\u0159\u00edsn\u00e1 krit\u00e9ria pro p\u0159\u00edrodn\u00ed kosmetiku.<\/li>\n\n\n\n<li><strong>Slo\u017een\u00ed:<\/strong> \u010ct\u011bte si pe\u010dliv\u011b slo\u017een\u00ed produkt\u016f a vyh\u00fdbejte se syntetick\u00fdm l\u00e1tk\u00e1m, paraben\u016fm a sulf\u00e1t\u016fm.<\/li>\n\n\n\n<li><strong>Alergie:<\/strong> I na p\u0159\u00edrodn\u00ed l\u00e1tky m\u016f\u017ee b\u00fdt alergick\u00e1 reakce. P\u0159ed pou\u017eit\u00edm nov\u00e9ho produktu si v\u017edy ud\u011blejte test na mal\u00e9m kousku poko\u017eky.<\/li>\n<\/ul>\n\n\n\n<h3 class=\"wp-block-heading\"><\/h3>\n","protected":false},"excerpt":{"rendered":"<p>P\u0159\u00edrodn\u00ed kosmetika si v posledn\u00edch letech z\u00edsk\u00e1v\u00e1 st\u00e1le v\u011bt\u0161\u00ed oblibu. A nen\u00ed se \u010demu divit. Krom\u011b toho, \u017ee je \u0161etrn\u011bj\u0161\u00ed k na\u0161\u00ed poko\u017ece, m\u00e1 tak\u00e9 pozitivn\u00ed vliv na na\u0161i mysl a celkov\u00e9 pohodl\u00ed. Pro\u010d si vybrat p\u0159\u00edrodn\u00ed kosmetiku? Jak\u00e9 jsou benefity p\u0159\u00edrodn\u00ed kosmetiky pro du\u0161i a t\u011blo? Na co si d\u00e1t pozor p\u0159i v\u00fdb\u011bru p\u0159\u00edrodn\u00ed [&hellip;]<\/p>\n","protected":false},"author":1,"featured_media":1433,"comment_status":"closed","ping_status":"closed","sticky":false,"template":"","format":"standard","meta":{"tdm_status":"","tdm_grid_status":"","footnotes":""},"categories":[114],"tags":[],"class_list":["post-1432","post","type-post","status-publish","format-standard","has-post-thumbnail","category-pro-zeny"],"amp_enabled":false,"_links":{"self":[{"href":"https:\/\/deniksuper.cz\/index.php?rest_route=\/wp\/v2\/posts\/1432","targetHints":{"allow":["GET"]}}],"collection":[{"href":"https:\/\/deniksuper.cz\/index.php?rest_route=\/wp\/v2\/posts"}],"about":[{"href":"https:\/\/deniksuper.cz\/index.php?rest_route=\/wp\/v2\/types\/post"}],"author":[{"embeddable":true,"href":"https:\/\/deniksuper.cz\/index.php?rest_route=\/wp\/v2\/users\/1"}],"replies":[{"embeddable":true,"href":"https:\/\/deniksuper.cz\/index.php?rest_route=%2Fwp%2Fv2%2Fcomments&post=1432"}],"version-history":[{"count":1,"href":"https:\/\/deniksuper.cz\/index.php?rest_route=\/wp\/v2\/posts\/1432\/revisions"}],"predecessor-version":[{"id":1434,"href":"https:\/\/deniksuper.cz\/index.php?rest_route=\/wp\/v2\/posts\/1432\/revisions\/1434"}],"wp:featuredmedia":[{"embeddable":true,"href":"https:\/\/deniksuper.cz\/index.php?rest_route=\/wp\/v2\/media\/1433"}],"wp:attachment":[{"href":"https:\/\/deniksuper.cz\/index.php?rest_route=%2Fwp%2Fv2%2Fmedia&parent=1432"}],"wp:term":[{"taxonomy":"category","embeddable":true,"href":"https:\/\/deniksuper.cz\/index.php?rest_route=%2Fwp%2Fv2%2Fcategories&post=1432"},{"taxonomy":"post_tag","embeddable":true,"href":"https:\/\/deniksuper.cz\/index.php?rest_route=%2Fwp%2Fv2%2Ftags&post=1432"}],"curies":[{"name":"wp","href":"https:\/\/api.w.org\/{rel}","templated":true}]}}