{"id":1428,"date":"2023-10-16T13:51:00","date_gmt":"2023-10-16T11:51:00","guid":{"rendered":"https:\/\/deniksuper.cz\/?p=1428"},"modified":"2024-08-29T13:52:34","modified_gmt":"2024-08-29T11:52:34","slug":"sperky-jako-symbol-zenske-sily-historie-a-soucasnost","status":"publish","type":"post","link":"https:\/\/deniksuper.cz\/?p=1428","title":{"rendered":"\u0160perky jako symbol \u017eensk\u00e9 s\u00edly: Historie a sou\u010dasnost"},"content":{"rendered":"\n<p class=\"wp-block-paragraph\">\u0160perky od nepam\u011bti prov\u00e1zej\u00ed lidstvo a \u017eeny je nos\u00ed jako v\u00fdraz sv\u00e9 identity, spole\u010densk\u00e9ho postaven\u00ed a \u010dasto i jako symbol s\u00edly a nez\u00e1vislosti. Poj\u010fme se spole\u010dn\u011b pod\u00edvat na to, jak se role \u0161perk\u016f v kontextu \u017eensk\u00e9 s\u00edly vyv\u00edjela v pr\u016fb\u011bhu historie a jak tento v\u00fdznam rezonuje i v sou\u010dasnosti.<\/p>\n\n\n\n<h3 class=\"wp-block-heading\">Historick\u00e9 souvislosti<\/h3>\n\n\n\n<ul class=\"wp-block-list\">\n<li><strong>Starov\u011bk\u00fd Egypt:<\/strong> Kleopat\u0159ina n\u00e1hrdeln\u00edk z drah\u00fdch kamen\u016f byl v\u00edce ne\u017e jen ozdobou. Symbolizoval jej\u00ed bo\u017eskou moc a kr\u00e1lovskou d\u016fstojnost.<\/li>\n\n\n\n<li><strong>\u0158ecko a \u0158\u00edm:<\/strong> \u0160perky byly v\u00fdrazem bohatstv\u00ed a spole\u010densk\u00e9ho postaven\u00ed. \u017deny z vy\u0161\u0161\u00edch vrstev nosily n\u00e1padn\u00e9 n\u00e1u\u0161nice, n\u00e1hrdeln\u00edky a n\u00e1ramky, kter\u00e9 zd\u016fraz\u0148ovaly jejich kr\u00e1su a status.<\/li>\n\n\n\n<li><strong>St\u0159edov\u011bk:<\/strong> V obdob\u00ed st\u0159edov\u011bku byly \u0161perky \u010dasto n\u00e1bo\u017eensk\u00fdmi symboly a amulety. \u017deny je nosily jako ochranu p\u0159ed zl\u00fdmi silami a jako v\u00fdraz sv\u00e9 zbo\u017enosti.<\/li>\n\n\n\n<li><strong>Viktori\u00e1nsk\u00e1 \u00e9ra:<\/strong> \u0160perky byly no\u0161eny jako v\u00fdraz smute\u010dn\u00ed a vzpom\u00ednkov\u00e9 kultury. \u017deny \u010dasto nosily \u0161perky s motivy kv\u011btin, kter\u00e9 symbolizovaly l\u00e1sku a ztr\u00e1tu.<\/li>\n<\/ul>\n\n\n\n<h3 class=\"wp-block-heading\">\u0160perky jako symbol \u017eensk\u00e9 s\u00edly v modern\u00ed dob\u011b<\/h3>\n\n\n\n<p class=\"wp-block-paragraph\">V sou\u010dasnosti se v\u00fdznam \u0161perk\u016f op\u011bt posouv\u00e1. \u0160perky nejsou jen ozdobou, ale st\u00e1vaj\u00ed se v\u00fdrazem osobnosti, hodnot a postoj\u016f. \u017deny je nos\u00ed jako symbol sv\u00e9 nez\u00e1vislosti, s\u00edly a individuality.<\/p>\n\n\n\n<ul class=\"wp-block-list\">\n<li><strong>Feministick\u00e9 hnut\u00ed:<\/strong> \u0160perky se staly n\u00e1strojem feministick\u00e9 v\u00fdpov\u011bdi. N\u00e1ramky s n\u00e1pisem &#8222;Girl power&#8220; nebo p\u0159\u00edv\u011bsky ve tvaru \u017eensk\u00fdch symbol\u016f jsou v\u00fdrazem solidarity a boje za rovnost.<\/li>\n\n\n\n<li><strong>Osobn\u00ed vyj\u00e1d\u0159en\u00ed:<\/strong> Ka\u017ed\u00fd \u0161perk m\u00e1 sv\u016fj p\u0159\u00edb\u011bh a m\u016f\u017ee b\u00fdt no\u0161en jako p\u0159ipom\u00ednka d\u016fle\u017eit\u00fdch \u017eivotn\u00edch ud\u00e1lost\u00ed nebo jako symbol osobn\u00edch hodnot.<\/li>\n\n\n\n<li><strong>Slow fashion:<\/strong> Trend udr\u017eiteln\u00e9 m\u00f3dy se dot\u00fdk\u00e1 i \u0161perk\u016f. \u017deny st\u00e1le \u010dast\u011bji vol\u00ed ru\u010dn\u011b vyr\u00e1b\u011bn\u00e9 \u0161perky z p\u0159\u00edrodn\u00edch materi\u00e1l\u016f, kter\u00e9 maj\u00ed v\u011bt\u0161\u00ed hodnotu a symbolick\u00fd v\u00fdznam.<\/li>\n<\/ul>\n\n\n\n<h3 class=\"wp-block-heading\">Sou\u010dasn\u00e9 trendy a symboly \u017eensk\u00e9 s\u00edly v \u0161perc\u00edch<\/h3>\n\n\n\n<ul class=\"wp-block-list\">\n<li><strong>Mandaly:<\/strong> Symbolizuj\u00ed rovnov\u00e1hu, harmonii a vnit\u0159n\u00ed s\u00edlu.<\/li>\n\n\n\n<li><strong>Oko horus:<\/strong> Staroegyptsk\u00fd symbol ochrany a zdrav\u00ed, kter\u00fd se stal popul\u00e1rn\u00edm amuletem.<\/li>\n\n\n\n<li><strong>\u017densk\u00e1 symbolika:<\/strong> P\u0159\u00edv\u011bsky ve tvaru \u017eensk\u00fdch symbol\u016f, jako je znamen\u00ed Venu\u0161e nebo \u017eensk\u00e9 postavy, vyjad\u0159uj\u00ed \u017eenskou s\u00edlu a solidaritu.<\/li>\n\n\n\n<li><strong>Personalizovan\u00e9 \u0161perky:<\/strong> N\u00e1pisy, inici\u00e1ly nebo data narozen\u00ed d\u011blaj\u00ed z ka\u017ed\u00e9ho \u0161perku jedine\u010dn\u00fd kousek s osobn\u00edm v\u00fdznamem.<\/li>\n<\/ul>\n\n\n\n<p class=\"wp-block-paragraph\"><strong>Z\u00e1v\u011br<\/strong><\/p>\n\n\n\n<p class=\"wp-block-paragraph\">\u0160perky jsou v\u00edce ne\u017e jen ozdobou. Jsou nositeli historie, kultury a osobn\u00edch p\u0159\u00edb\u011bh\u016f. V pr\u016fb\u011bhu \u010dasu se jejich v\u00fdznam vyv\u00edjel a dnes p\u0159edstavuj\u00ed siln\u00fd n\u00e1stroj \u017eensk\u00e9 expres\u00ed. A\u0165 u\u017e si vyberete jak\u00fdkoliv \u0161perk, nechte ho b\u00fdt odrazem va\u0161\u00ed jedine\u010dnosti a s\u00edly.<\/p>\n","protected":false},"excerpt":{"rendered":"<p>\u0160perky od nepam\u011bti prov\u00e1zej\u00ed lidstvo a \u017eeny je nos\u00ed jako v\u00fdraz sv\u00e9 identity, spole\u010densk\u00e9ho postaven\u00ed a \u010dasto i jako symbol s\u00edly a nez\u00e1vislosti. Poj\u010fme se spole\u010dn\u011b pod\u00edvat na to, jak se role \u0161perk\u016f v kontextu \u017eensk\u00e9 s\u00edly vyv\u00edjela v pr\u016fb\u011bhu historie a jak tento v\u00fdznam rezonuje i v sou\u010dasnosti. Historick\u00e9 souvislosti \u0160perky jako symbol \u017eensk\u00e9 [&hellip;]<\/p>\n","protected":false},"author":1,"featured_media":1429,"comment_status":"closed","ping_status":"closed","sticky":false,"template":"","format":"standard","meta":{"tdm_status":"","tdm_grid_status":"","footnotes":""},"categories":[114],"tags":[],"class_list":["post-1428","post","type-post","status-publish","format-standard","has-post-thumbnail","category-pro-zeny"],"amp_enabled":false,"_links":{"self":[{"href":"https:\/\/deniksuper.cz\/index.php?rest_route=\/wp\/v2\/posts\/1428","targetHints":{"allow":["GET"]}}],"collection":[{"href":"https:\/\/deniksuper.cz\/index.php?rest_route=\/wp\/v2\/posts"}],"about":[{"href":"https:\/\/deniksuper.cz\/index.php?rest_route=\/wp\/v2\/types\/post"}],"author":[{"embeddable":true,"href":"https:\/\/deniksuper.cz\/index.php?rest_route=\/wp\/v2\/users\/1"}],"replies":[{"embeddable":true,"href":"https:\/\/deniksuper.cz\/index.php?rest_route=%2Fwp%2Fv2%2Fcomments&post=1428"}],"version-history":[{"count":1,"href":"https:\/\/deniksuper.cz\/index.php?rest_route=\/wp\/v2\/posts\/1428\/revisions"}],"predecessor-version":[{"id":1430,"href":"https:\/\/deniksuper.cz\/index.php?rest_route=\/wp\/v2\/posts\/1428\/revisions\/1430"}],"wp:featuredmedia":[{"embeddable":true,"href":"https:\/\/deniksuper.cz\/index.php?rest_route=\/wp\/v2\/media\/1429"}],"wp:attachment":[{"href":"https:\/\/deniksuper.cz\/index.php?rest_route=%2Fwp%2Fv2%2Fmedia&parent=1428"}],"wp:term":[{"taxonomy":"category","embeddable":true,"href":"https:\/\/deniksuper.cz\/index.php?rest_route=%2Fwp%2Fv2%2Fcategories&post=1428"},{"taxonomy":"post_tag","embeddable":true,"href":"https:\/\/deniksuper.cz\/index.php?rest_route=%2Fwp%2Fv2%2Ftags&post=1428"}],"curies":[{"name":"wp","href":"https:\/\/api.w.org\/{rel}","templated":true}]}}