{"id":1407,"date":"2023-04-18T09:30:00","date_gmt":"2023-04-18T07:30:00","guid":{"rendered":"https:\/\/deniksuper.cz\/?p=1407"},"modified":"2024-08-29T09:31:23","modified_gmt":"2024-08-29T07:31:23","slug":"suchy-sampon-zachrana-pro-mastne-vlasy-nebo-jen-modni-trend","status":"publish","type":"post","link":"https:\/\/deniksuper.cz\/?p=1407","title":{"rendered":"Such\u00fd \u0161ampon: Z\u00e1chrana pro mastn\u00e9 vlasy nebo jen m\u00f3dn\u00ed trend?"},"content":{"rendered":"\n<p class=\"wp-block-paragraph\">Such\u00fd \u0161ampon se v posledn\u00edch letech stal nepostradateln\u00fdm pomocn\u00edkem pro mnoho z n\u00e1s. Ale je to skute\u010dn\u011b \u00fa\u010dinn\u00fd prost\u0159edek proti mastn\u00fdm vlas\u016fm nebo jen dal\u0161\u00ed produkt, kter\u00fd n\u00e1m kosmetick\u00fd pr\u016fmysl nab\u00edz\u00ed? Poj\u010fme si to rozebrat.<\/p>\n\n\n\n<h3 class=\"wp-block-heading\">Co je such\u00fd \u0161ampon a jak funguje?<\/h3>\n\n\n\n<p class=\"wp-block-paragraph\">Such\u00fd \u0161ampon je kosmetick\u00fd p\u0159\u00edpravek ve form\u011b spreje, kter\u00fd absorbuje p\u0159ebyte\u010dn\u00fd maz na poko\u017ece hlavy a dod\u00e1v\u00e1 vlas\u016fm objem a sv\u011b\u017e\u00ed vzhled. Obsahuje absorp\u010dn\u00ed l\u00e1tky, jako je kuku\u0159i\u010dn\u00fd \u0161krob nebo j\u00edly, kter\u00e9 pohlcuj\u00ed olej a ne\u010distoty.<\/p>\n\n\n\n<h3 class=\"wp-block-heading\">V\u00fdhody such\u00e9ho \u0161amponu:<\/h3>\n\n\n\n<ul class=\"wp-block-list\">\n<li><strong>Rychl\u00e1 pomoc:<\/strong> Pokud nem\u00e1te \u010das si um\u00fdt vlasy, such\u00fd \u0161ampon je rychl\u00fdm \u0159e\u0161en\u00edm.<\/li>\n\n\n\n<li><strong>Dod\u00e1 objem:<\/strong> Vlasy vypadaj\u00ed hust\u0161\u00ed a vzdu\u0161n\u011bj\u0161\u00ed.<\/li>\n\n\n\n<li><strong>Absorbuje pot:<\/strong> Ide\u00e1ln\u00ed pro sportovce nebo v tepl\u00fdch dnech.<\/li>\n\n\n\n<li><strong>Ochrana barvy:<\/strong> M\u016f\u017ee pomoci prodlou\u017eit \u017eivotnost barvy vlas\u016f.<\/li>\n<\/ul>\n\n\n\n<h3 class=\"wp-block-heading\">Nev\u00fdhody such\u00e9ho \u0161amponu:<\/h3>\n\n\n\n<ul class=\"wp-block-list\">\n<li><strong>Nen\u00ed n\u00e1hradou za myt\u00ed:<\/strong> Such\u00fd \u0161ampon by se nem\u011bl pou\u017e\u00edvat jako dlouhodob\u00e1 n\u00e1hrada za pravideln\u00e9 myt\u00ed vlas\u016f.<\/li>\n\n\n\n<li><strong>M\u016f\u017ee vysu\u0161ovat poko\u017eku hlavy:<\/strong> P\u0159i \u010dast\u00e9m pou\u017e\u00edv\u00e1n\u00ed m\u016f\u017ee such\u00fd \u0161ampon zp\u016fsobit podr\u00e1\u017ed\u011bn\u00ed a sv\u011bd\u011bn\u00ed poko\u017eky hlavy.<\/li>\n\n\n\n<li><strong>Nen\u00ed vhodn\u00fd pro v\u0161echny typy vlas\u016f:<\/strong> Vlasy mohou vypadat ztuhle a nep\u0159irozen\u011b.<\/li>\n\n\n\n<li><strong>M\u016f\u017ee zanech\u00e1vat b\u00edl\u00e9 stopy:<\/strong> Obzvl\u00e1\u0161t\u011b u tmav\u00fdch vlas\u016f.<\/li>\n<\/ul>\n\n\n\n<h3 class=\"wp-block-heading\">Jak vybrat spr\u00e1vn\u00fd such\u00fd \u0161ampon?<\/h3>\n\n\n\n<ul class=\"wp-block-list\">\n<li><strong>Typ vlas\u016f:<\/strong> Vyberte si such\u00fd \u0161ampon ur\u010den\u00fd pro v\u00e1\u0161 typ vlas\u016f (mastn\u00e9, such\u00e9, barevn\u011b o\u0161et\u0159en\u00e9).<\/li>\n\n\n\n<li><strong>Barva vlas\u016f:<\/strong> Existuj\u00ed such\u00e9 \u0161ampony speci\u00e1ln\u011b pro sv\u011btl\u00e9 a tmav\u00e9 vlasy, aby nezanech\u00e1valy b\u00edl\u00e9 stopy.<\/li>\n\n\n\n<li><strong>Slo\u017een\u00ed:<\/strong> Vyhn\u011bte se produkt\u016fm s parabeny a sulf\u00e1ty.<\/li>\n<\/ul>\n\n\n\n<h3 class=\"wp-block-heading\">Tipy pro pou\u017eit\u00ed such\u00e9ho \u0161amponu:<\/h3>\n\n\n\n<ul class=\"wp-block-list\">\n<li><strong>Aplikujte do ko\u0159\u00ednk\u016f:<\/strong> Nast\u0159\u00edkejte such\u00fd \u0161ampon do ko\u0159\u00ednk\u016f vlas\u016f a nechte chv\u00edli p\u016fsobit.<\/li>\n\n\n\n<li><strong>Promas\u00edrujte:<\/strong> Jemn\u011b promas\u00edrujte poko\u017eku hlavy prsty, aby se absorp\u010dn\u00ed l\u00e1tky rovnom\u011brn\u011b rozpt\u00fdlily.<\/li>\n\n\n\n<li><strong>Vy\u010des\u00e1vejte:<\/strong> Odstra\u0148te zbytky such\u00e9ho \u0161amponu pomoc\u00ed h\u0159ebenu.<\/li>\n<\/ul>\n\n\n\n<p class=\"wp-block-paragraph\"><strong>Z\u00e1v\u011br:<\/strong> Such\u00fd \u0161ampon je skv\u011bl\u00fdm pomocn\u00edkem pro zvl\u00e1dnut\u00ed mastn\u00fdch vlas\u016f, ale nem\u011bl by b\u00fdt jedin\u00fdm \u0159e\u0161en\u00edm. Pokud m\u00e1te velmi mastn\u00e9 vlasy, je d\u016fle\u017eit\u00e9 naj\u00edt p\u0159\u00ed\u010dinu a konzultovat se sv\u00fdm dermatologem. Such\u00fd \u0161ampon lze pou\u017e\u00edt jako do\u010dasn\u00e9 \u0159e\u0161en\u00ed nebo jako dopln\u011bk k pravideln\u00e9 p\u00e9\u010di o vlasy.<\/p>\n","protected":false},"excerpt":{"rendered":"<p>Such\u00fd \u0161ampon se v posledn\u00edch letech stal nepostradateln\u00fdm pomocn\u00edkem pro mnoho z n\u00e1s. Ale je to skute\u010dn\u011b \u00fa\u010dinn\u00fd prost\u0159edek proti mastn\u00fdm vlas\u016fm nebo jen dal\u0161\u00ed produkt, kter\u00fd n\u00e1m kosmetick\u00fd pr\u016fmysl nab\u00edz\u00ed? Poj\u010fme si to rozebrat. Co je such\u00fd \u0161ampon a jak funguje? Such\u00fd \u0161ampon je kosmetick\u00fd p\u0159\u00edpravek ve form\u011b spreje, kter\u00fd absorbuje p\u0159ebyte\u010dn\u00fd maz na [&hellip;]<\/p>\n","protected":false},"author":1,"featured_media":1408,"comment_status":"closed","ping_status":"closed","sticky":false,"template":"","format":"standard","meta":{"tdm_status":"","tdm_grid_status":"","footnotes":""},"categories":[114],"tags":[],"class_list":["post-1407","post","type-post","status-publish","format-standard","has-post-thumbnail","category-pro-zeny"],"amp_enabled":false,"_links":{"self":[{"href":"https:\/\/deniksuper.cz\/index.php?rest_route=\/wp\/v2\/posts\/1407","targetHints":{"allow":["GET"]}}],"collection":[{"href":"https:\/\/deniksuper.cz\/index.php?rest_route=\/wp\/v2\/posts"}],"about":[{"href":"https:\/\/deniksuper.cz\/index.php?rest_route=\/wp\/v2\/types\/post"}],"author":[{"embeddable":true,"href":"https:\/\/deniksuper.cz\/index.php?rest_route=\/wp\/v2\/users\/1"}],"replies":[{"embeddable":true,"href":"https:\/\/deniksuper.cz\/index.php?rest_route=%2Fwp%2Fv2%2Fcomments&post=1407"}],"version-history":[{"count":1,"href":"https:\/\/deniksuper.cz\/index.php?rest_route=\/wp\/v2\/posts\/1407\/revisions"}],"predecessor-version":[{"id":1409,"href":"https:\/\/deniksuper.cz\/index.php?rest_route=\/wp\/v2\/posts\/1407\/revisions\/1409"}],"wp:featuredmedia":[{"embeddable":true,"href":"https:\/\/deniksuper.cz\/index.php?rest_route=\/wp\/v2\/media\/1408"}],"wp:attachment":[{"href":"https:\/\/deniksuper.cz\/index.php?rest_route=%2Fwp%2Fv2%2Fmedia&parent=1407"}],"wp:term":[{"taxonomy":"category","embeddable":true,"href":"https:\/\/deniksuper.cz\/index.php?rest_route=%2Fwp%2Fv2%2Fcategories&post=1407"},{"taxonomy":"post_tag","embeddable":true,"href":"https:\/\/deniksuper.cz\/index.php?rest_route=%2Fwp%2Fv2%2Ftags&post=1407"}],"curies":[{"name":"wp","href":"https:\/\/api.w.org\/{rel}","templated":true}]}}