{"id":1365,"date":"2023-10-28T10:51:00","date_gmt":"2023-10-28T08:51:00","guid":{"rendered":"https:\/\/deniksuper.cz\/?p=1365"},"modified":"2024-08-28T10:51:41","modified_gmt":"2024-08-28T08:51:41","slug":"jak-vybrat-spravna-svitidla-pruvodce-svetlem-pro-vas-domov","status":"publish","type":"post","link":"https:\/\/deniksuper.cz\/?p=1365","title":{"rendered":"Jak vybrat spr\u00e1vn\u00e1 sv\u00edtidla: Pr\u016fvodce sv\u011btlem pro v\u00e1\u0161 domov"},"content":{"rendered":"\n<p class=\"wp-block-paragraph\">V\u00fdb\u011br spr\u00e1vn\u00fdch sv\u00edtidel nen\u00ed jen ot\u00e1zkou estetiky, ale ovliv\u0148uje i funk\u010dnost a atmosf\u00e9ru na\u0161ich domov\u016f. Spr\u00e1vn\u011b zvolen\u00e9 osv\u011btlen\u00ed m\u016f\u017ee zv\u00fdraznit architektonick\u00e9 prvky, vytvo\u0159it p\u0159\u00edjemnou atmosf\u00e9ru pro relaxaci nebo naopak podpo\u0159it koncentraci p\u0159i pr\u00e1ci.<\/p>\n\n\n\n<h3 class=\"wp-block-heading\">Co je t\u0159eba zv\u00e1\u017eit p\u0159i v\u00fdb\u011bru sv\u00edtidel?<\/h3>\n\n\n\n<ul class=\"wp-block-list\">\n<li><strong>Funkce m\u00edstnosti:<\/strong>\n<ul class=\"wp-block-list\">\n<li><strong>Ob\u00fdvac\u00ed pokoj:<\/strong> Kombinujte hlavn\u00ed sv\u011btlo (stropn\u00ed sv\u00edtidlo) s bodov\u00fdmi sv\u011btly pro \u010dten\u00ed nebo vytv\u00e1\u0159en\u00ed atmosf\u00e9ry.<\/li>\n\n\n\n<li><strong>Lo\u017enice:<\/strong> D\u016fle\u017eit\u00e9 je tlumen\u00e9 sv\u011btlo vhodn\u00e9 pro relaxaci. Nocn\u00ed lampi\u010dka je nezbytnost\u00ed.<\/li>\n\n\n\n<li><strong>Kuchy\u0148:<\/strong> Pot\u0159ebujete dostatek sv\u011btla pro p\u0159\u00edpravu j\u00eddla, ale tak\u00e9 p\u0159\u00edjemn\u00e9 osv\u011btlen\u00ed j\u00eddeln\u00edho stolu.<\/li>\n\n\n\n<li><strong>Pracovna:<\/strong> Zde je d\u016fle\u017eit\u00e9 jasn\u00e9 a b\u00edl\u00e9 sv\u011btlo pro podporu koncentrace.<\/li>\n<\/ul>\n<\/li>\n\n\n\n<li><strong>Velikost m\u00edstnosti:<\/strong>\n<ul class=\"wp-block-list\">\n<li>Do men\u0161\u00edch m\u00edstnost\u00ed volte men\u0161\u00ed a m\u00e9n\u011b n\u00e1ro\u010dn\u00e1 sv\u00edtidla.<\/li>\n\n\n\n<li>Do v\u011bt\u0161\u00edch prostor\u016f se hod\u00ed v\u011bt\u0161\u00ed sv\u00edtidla nebo v\u00edce men\u0161\u00edch zdroj\u016f sv\u011btla.<\/li>\n<\/ul>\n<\/li>\n\n\n\n<li><strong>V\u00fd\u0161ka stropu:<\/strong>\n<ul class=\"wp-block-list\">\n<li>U n\u00edzk\u00fdch strop\u016f volte sp\u00ed\u0161e men\u0161\u00ed sv\u00edtidla nebo bodov\u00e1 sv\u011btla.<\/li>\n\n\n\n<li>U vysok\u00fdch strop\u016f m\u016f\u017eete vyu\u017e\u00edt v\u011bt\u0161\u00ed sv\u00edtidla nebo z\u00e1v\u011bsy.<\/li>\n<\/ul>\n<\/li>\n\n\n\n<li><strong>Styl interi\u00e9ru:<\/strong>\n<ul class=\"wp-block-list\">\n<li>Sv\u00edtidla by m\u011bla ladit se stylem va\u0161eho interi\u00e9ru.<\/li>\n<\/ul>\n<\/li>\n\n\n\n<li><strong>Barva sv\u011btla:<\/strong>\n<ul class=\"wp-block-list\">\n<li><strong>Tepl\u00e1 b\u00edl\u00e1:<\/strong> Vhodn\u00e1 do ob\u00fdvac\u00edho pokoje, lo\u017enice a dal\u0161\u00edch m\u00edstnost\u00ed pro relaxaci.<\/li>\n\n\n\n<li><strong>Neutr\u00e1ln\u00ed b\u00edl\u00e1:<\/strong> Univerz\u00e1ln\u00ed volba pro v\u011bt\u0161inu m\u00edstnost\u00ed.<\/li>\n\n\n\n<li><strong>Studen\u00e1 b\u00edl\u00e1:<\/strong> Ide\u00e1ln\u00ed pro kuchyn\u011b, koupelny a pracovn\u00ed prostory.<\/li>\n<\/ul>\n<\/li>\n\n\n\n<li><strong>Sv\u011bteln\u00fd tok:<\/strong>\n<ul class=\"wp-block-list\">\n<li>Ud\u00e1v\u00e1, kolik sv\u011btla sv\u00edtidlo vyd\u00e1v\u00e1. Vyberte si sv\u00edtidlo s dostate\u010dn\u00fdm sv\u011bteln\u00fdm tokem pro dan\u00fd prostor.<\/li>\n<\/ul>\n<\/li>\n\n\n\n<li><strong>Energetick\u00e1 \u00fa\u010dinnost:<\/strong>\n<ul class=\"wp-block-list\">\n<li>Dnes jsou obl\u00edben\u00e1 LED sv\u00edtidla, kter\u00e1 jsou energeticky \u00fasporn\u00e1 a maj\u00ed dlouhou \u017eivotnost.<\/li>\n<\/ul>\n<\/li>\n<\/ul>\n\n\n\n<h3 class=\"wp-block-heading\">Druhy sv\u00edtidel<\/h3>\n\n\n\n<ul class=\"wp-block-list\">\n<li><strong>Stropn\u00ed sv\u00edtidla:<\/strong> Z\u00e1kladn\u00ed osv\u011btlen\u00ed m\u00edstnosti.<\/li>\n\n\n\n<li><strong>Z\u00e1v\u011bsn\u00e1 sv\u00edtidla:<\/strong> Vytv\u00e1\u0159ej\u00ed zaj\u00edmav\u00fd designov\u00fd prvek.<\/li>\n\n\n\n<li><strong>Bodov\u00e1 sv\u00edtidla:<\/strong> Pou\u017e\u00edvaj\u00ed se k osv\u011btlen\u00ed konkr\u00e9tn\u00edch m\u00edst nebo jako dopl\u0148kov\u00e9 osv\u011btlen\u00ed.<\/li>\n\n\n\n<li><strong>N\u00e1st\u011bnn\u00e9 sv\u00edtidla:<\/strong> Ide\u00e1ln\u00ed pro chodby, koupelny a lo\u017enice.<\/li>\n\n\n\n<li><strong>Stojac\u00ed lampy:<\/strong> Vytv\u00e1\u0159ej\u00ed p\u0159\u00edjemn\u00e9 ambientn\u00ed sv\u011btlo.<\/li>\n\n\n\n<li><strong>Stoln\u00ed lampy:<\/strong> Pou\u017e\u00edvaj\u00ed se k \u010dten\u00ed nebo jako dekorativn\u00ed prvek.<\/li>\n<\/ul>\n\n\n\n<h3 class=\"wp-block-heading\">Tipy pro v\u00fdb\u011br sv\u00edtidel<\/h3>\n\n\n\n<ul class=\"wp-block-list\">\n<li><strong>Kombinujte r\u016fzn\u00e9 typy sv\u00edtidel:<\/strong> Vytvo\u0159\u00edte tak zaj\u00edmav\u011bj\u0161\u00ed a funk\u010dn\u011bj\u0161\u00ed osv\u011btlen\u00ed.<\/li>\n\n\n\n<li><strong>Myslete na stm\u00edv\u00e1n\u00ed:<\/strong> Mo\u017enost stm\u00edv\u00e1n\u00ed v\u00e1m umo\u017en\u00ed p\u0159izp\u016fsobit intenzitu sv\u011btla podle n\u00e1lady a situace.<\/li>\n\n\n\n<li><strong>Nezapom\u00ednejte na dekorativn\u00ed prvky:<\/strong> Sv\u00edtidla mohou b\u00fdt nejen funk\u010dn\u00edm, ale i estetick\u00fdm prvkem va\u0161eho interi\u00e9ru.<\/li>\n<\/ul>\n\n\n\n<p class=\"wp-block-paragraph\"><strong>Pro inspiraci m\u016f\u017eete nav\u0161t\u00edvit specializovan\u00e9 obchody s osv\u011btlen\u00edm nebo vyu\u017e\u00edt online konfigur\u00e1tory, kter\u00e9 v\u00e1m pomohou vybrat ta spr\u00e1vn\u00e1 sv\u00edtidla pro v\u00e1\u0161 domov.<\/strong><\/p>\n","protected":false},"excerpt":{"rendered":"<p>V\u00fdb\u011br spr\u00e1vn\u00fdch sv\u00edtidel nen\u00ed jen ot\u00e1zkou estetiky, ale ovliv\u0148uje i funk\u010dnost a atmosf\u00e9ru na\u0161ich domov\u016f. Spr\u00e1vn\u011b zvolen\u00e9 osv\u011btlen\u00ed m\u016f\u017ee zv\u00fdraznit architektonick\u00e9 prvky, vytvo\u0159it p\u0159\u00edjemnou atmosf\u00e9ru pro relaxaci nebo naopak podpo\u0159it koncentraci p\u0159i pr\u00e1ci. Co je t\u0159eba zv\u00e1\u017eit p\u0159i v\u00fdb\u011bru sv\u00edtidel? Druhy sv\u00edtidel Tipy pro v\u00fdb\u011br sv\u00edtidel Pro inspiraci m\u016f\u017eete nav\u0161t\u00edvit specializovan\u00e9 obchody s osv\u011btlen\u00edm nebo [&hellip;]<\/p>\n","protected":false},"author":1,"featured_media":1366,"comment_status":"closed","ping_status":"closed","sticky":false,"template":"","format":"standard","meta":{"tdm_status":"","tdm_grid_status":"","footnotes":""},"categories":[26],"tags":[],"class_list":["post-1365","post","type-post","status-publish","format-standard","has-post-thumbnail","category-rady-a-navody"],"amp_enabled":false,"_links":{"self":[{"href":"https:\/\/deniksuper.cz\/index.php?rest_route=\/wp\/v2\/posts\/1365","targetHints":{"allow":["GET"]}}],"collection":[{"href":"https:\/\/deniksuper.cz\/index.php?rest_route=\/wp\/v2\/posts"}],"about":[{"href":"https:\/\/deniksuper.cz\/index.php?rest_route=\/wp\/v2\/types\/post"}],"author":[{"embeddable":true,"href":"https:\/\/deniksuper.cz\/index.php?rest_route=\/wp\/v2\/users\/1"}],"replies":[{"embeddable":true,"href":"https:\/\/deniksuper.cz\/index.php?rest_route=%2Fwp%2Fv2%2Fcomments&post=1365"}],"version-history":[{"count":1,"href":"https:\/\/deniksuper.cz\/index.php?rest_route=\/wp\/v2\/posts\/1365\/revisions"}],"predecessor-version":[{"id":1367,"href":"https:\/\/deniksuper.cz\/index.php?rest_route=\/wp\/v2\/posts\/1365\/revisions\/1367"}],"wp:featuredmedia":[{"embeddable":true,"href":"https:\/\/deniksuper.cz\/index.php?rest_route=\/wp\/v2\/media\/1366"}],"wp:attachment":[{"href":"https:\/\/deniksuper.cz\/index.php?rest_route=%2Fwp%2Fv2%2Fmedia&parent=1365"}],"wp:term":[{"taxonomy":"category","embeddable":true,"href":"https:\/\/deniksuper.cz\/index.php?rest_route=%2Fwp%2Fv2%2Fcategories&post=1365"},{"taxonomy":"post_tag","embeddable":true,"href":"https:\/\/deniksuper.cz\/index.php?rest_route=%2Fwp%2Fv2%2Ftags&post=1365"}],"curies":[{"name":"wp","href":"https:\/\/api.w.org\/{rel}","templated":true}]}}