{"id":1350,"date":"2023-05-23T10:09:00","date_gmt":"2023-05-23T08:09:00","guid":{"rendered":"https:\/\/deniksuper.cz\/?p=1350"},"modified":"2024-08-28T10:10:54","modified_gmt":"2024-08-28T08:10:54","slug":"jak-vybrat-vhodny-koberec-do-obyvaku-s-krbem","status":"publish","type":"post","link":"https:\/\/deniksuper.cz\/?p=1350","title":{"rendered":"Jak vybrat vhodn\u00fd koberec do ob\u00fdv\u00e1ku s krbem ?"},"content":{"rendered":"\n<p class=\"wp-block-paragraph\">V\u00fdb\u011br spr\u00e1vn\u00e9ho koberce do ob\u00fdvac\u00edho pokoje s krbem vy\u017eaduje trochu p\u0159em\u00fd\u0161len\u00ed, jeliko\u017e mus\u00ed spl\u0148ovat n\u011bkolik krit\u00e9ri\u00ed z\u00e1rove\u0148 \u2013 b\u00fdt estetick\u00fd, odoln\u00fd v\u016f\u010di ne\u010distot\u00e1m a p\u0159\u00edpadn\u011b i v\u016f\u010di teplu od krbu.<\/p>\n\n\n\n<h2 class=\"wp-block-heading\"><strong>Na co se zam\u011b\u0159it p\u0159i v\u00fdb\u011bru:<\/strong><\/h2>\n\n\n\n<ul class=\"wp-block-list\">\n<li><strong>Materi\u00e1l:<\/strong>\n<ul class=\"wp-block-list\">\n<li><strong>Vlna:<\/strong> P\u0159\u00edrodn\u00ed materi\u00e1l, kter\u00fd je tepl\u00fd, m\u011bkk\u00fd a skv\u011ble izoluje. Je v\u0161ak n\u00e1chyln\u011bj\u0161\u00ed k za\u0161pin\u011bn\u00ed a vy\u017eaduje speci\u00e1ln\u00ed p\u00e9\u010di.<\/li>\n\n\n\n<li><strong>Syntetika (polyamid, polyester):<\/strong> Odoln\u011bj\u0161\u00ed v\u016f\u010di skvrn\u00e1m a snadno se \u010dist\u00ed. Nab\u00edz\u00ed \u0161irokou \u0161k\u00e1lu barev a vzor\u016f.<\/li>\n\n\n\n<li><strong>Bavlna:<\/strong> P\u0159\u00edjemn\u00e1 na dotek, ale m\u00e9n\u011b odoln\u00e1 ne\u017e syntetika. Vhodn\u00e1 sp\u00ed\u0161e jako dopln\u011bk k jin\u00e9mu koberci.<\/li>\n<\/ul>\n<\/li>\n\n\n\n<li><strong>D\u00e9lka vlasu:<\/strong>\n<ul class=\"wp-block-list\">\n<li><strong>Kr\u00e1tk\u00e9 vlasy:<\/strong> Praktick\u00e9 pro ka\u017edodenn\u00ed pou\u017e\u00edv\u00e1n\u00ed, snadno se \u010dist\u00ed a jsou vhodn\u00e9 i do m\u00edstnost\u00ed s krbem.<\/li>\n\n\n\n<li><strong>Del\u0161\u00ed vlasy:<\/strong> Vytv\u00e1\u0159ej\u00ed \u00fatulnou atmosf\u00e9ru, ale mohou b\u00fdt n\u00e1ro\u010dn\u011bj\u0161\u00ed na \u00fadr\u017ebu a nejsou ide\u00e1ln\u00ed p\u0159\u00edmo k krbu.<\/li>\n<\/ul>\n<\/li>\n\n\n\n<li><strong>Barva a vzor:<\/strong>\n<ul class=\"wp-block-list\">\n<li><strong>Tmav\u00e9 barvy:<\/strong> Skryj\u00ed ne\u010distoty l\u00e9pe ne\u017e sv\u011btl\u00e9.<\/li>\n\n\n\n<li><strong>Abstraktn\u00ed vzory:<\/strong> Rozpt\u00fdl\u00ed pozornost od p\u0159\u00edpadn\u00fdch skvrn.<\/li>\n\n\n\n<li><strong>Geometrick\u00e9 vzory:<\/strong> Dodaj\u00ed prostoru modern\u00ed vzhled.<\/li>\n<\/ul>\n<\/li>\n\n\n\n<li><strong>Velikost:<\/strong>\n<ul class=\"wp-block-list\">\n<li><strong>Kusov\u00fd koberec:<\/strong> Flexibiln\u00ed \u0159e\u0161en\u00ed, kter\u00e9 m\u016f\u017eete snadno p\u0159em\u00edstit.<\/li>\n\n\n\n<li><strong>Metr\u00e1\u017eov\u00fd koberec:<\/strong> Pokryje celou podlahu a dod\u00e1 prostoru celistvost.<\/li>\n<\/ul>\n<\/li>\n\n\n\n<li><strong>Odolnost v\u016f\u010di ohni:<\/strong>\n<ul class=\"wp-block-list\">\n<li>Pokud pl\u00e1nujete m\u00edt koberec bl\u00edzko krbu, zvolte takov\u00fd, kter\u00fd m\u00e1 certifik\u00e1t o odolnosti v\u016f\u010di ohni.<\/li>\n<\/ul>\n<\/li>\n<\/ul>\n\n\n\n<h2 class=\"wp-block-heading\"><strong>Dal\u0161\u00ed tipy:<\/strong><\/h2>\n\n\n\n<ul class=\"wp-block-list\">\n<li><strong>Bezpe\u010dnost:<\/strong> Zvolte koberec s protiskluzovou \u00fapravou, zejm\u00e9na pokud m\u00e1te doma d\u011bti nebo dom\u00e1c\u00ed mazl\u00ed\u010dky.<\/li>\n\n\n\n<li><strong>\u00dadr\u017eba:<\/strong> Vyberte koberec, kter\u00fd se snadno \u010dist\u00ed a vys\u00e1v\u00e1. N\u011bkter\u00e9 koberce lze dokonce pr\u00e1t v pra\u010dce.<\/li>\n\n\n\n<li><strong>Kombinujte materi\u00e1ly:<\/strong> Pro zv\u00fd\u0161en\u00ed odolnosti m\u016f\u017eete zvolit koberec s kombinac\u00ed p\u0159\u00edrodn\u00edch a syntetick\u00fdch vl\u00e1ken.<\/li>\n<\/ul>\n\n\n\n<h2 class=\"wp-block-heading\"><strong>Kde hledat inspiraci:<\/strong><\/h2>\n\n\n\n<ul class=\"wp-block-list\">\n<li><strong>Obchody s koberci:<\/strong> Nab\u00edz\u00ed \u0161irok\u00fd v\u00fdb\u011br koberc\u016f r\u016fzn\u00fdch materi\u00e1l\u016f, barev a vzor\u016f.<\/li>\n\n\n\n<li><strong>Internetov\u00e9 obchody:<\/strong> V\u011bt\u0161\u00ed v\u00fdb\u011br a mo\u017enost porovn\u00e1n\u00ed cen.<\/li>\n\n\n\n<li><strong>\u010cl\u00e1nky a blogy o bydlen\u00ed:<\/strong> Najdete zde tipy a inspiraci pro v\u00fdb\u011br koberce do ob\u00fdvac\u00edho pokoje.<\/li>\n<\/ul>\n\n\n\n<p class=\"wp-block-paragraph\"><strong>A\u0165 u\u017e si vyberete jak\u00fdkoliv koberec, m\u011bl by b\u00fdt p\u0159edev\u0161\u00edm praktick\u00fd a z\u00e1rove\u0148 ladit se stylem va\u0161eho ob\u00fdvac\u00edho pokoje.<\/strong><\/p>\n","protected":false},"excerpt":{"rendered":"<p>V\u00fdb\u011br spr\u00e1vn\u00e9ho koberce do ob\u00fdvac\u00edho pokoje s krbem vy\u017eaduje trochu p\u0159em\u00fd\u0161len\u00ed, jeliko\u017e mus\u00ed spl\u0148ovat n\u011bkolik krit\u00e9ri\u00ed z\u00e1rove\u0148 \u2013 b\u00fdt estetick\u00fd, odoln\u00fd v\u016f\u010di ne\u010distot\u00e1m a p\u0159\u00edpadn\u011b i v\u016f\u010di teplu od krbu. Na co se zam\u011b\u0159it p\u0159i v\u00fdb\u011bru: Dal\u0161\u00ed tipy: Kde hledat inspiraci: A\u0165 u\u017e si vyberete jak\u00fdkoliv koberec, m\u011bl by b\u00fdt p\u0159edev\u0161\u00edm praktick\u00fd a z\u00e1rove\u0148 ladit [&hellip;]<\/p>\n","protected":false},"author":1,"featured_media":1351,"comment_status":"closed","ping_status":"closed","sticky":false,"template":"","format":"standard","meta":{"tdm_status":"","tdm_grid_status":"","footnotes":""},"categories":[26],"tags":[],"class_list":["post-1350","post","type-post","status-publish","format-standard","has-post-thumbnail","category-rady-a-navody"],"amp_enabled":false,"_links":{"self":[{"href":"https:\/\/deniksuper.cz\/index.php?rest_route=\/wp\/v2\/posts\/1350","targetHints":{"allow":["GET"]}}],"collection":[{"href":"https:\/\/deniksuper.cz\/index.php?rest_route=\/wp\/v2\/posts"}],"about":[{"href":"https:\/\/deniksuper.cz\/index.php?rest_route=\/wp\/v2\/types\/post"}],"author":[{"embeddable":true,"href":"https:\/\/deniksuper.cz\/index.php?rest_route=\/wp\/v2\/users\/1"}],"replies":[{"embeddable":true,"href":"https:\/\/deniksuper.cz\/index.php?rest_route=%2Fwp%2Fv2%2Fcomments&post=1350"}],"version-history":[{"count":1,"href":"https:\/\/deniksuper.cz\/index.php?rest_route=\/wp\/v2\/posts\/1350\/revisions"}],"predecessor-version":[{"id":1352,"href":"https:\/\/deniksuper.cz\/index.php?rest_route=\/wp\/v2\/posts\/1350\/revisions\/1352"}],"wp:featuredmedia":[{"embeddable":true,"href":"https:\/\/deniksuper.cz\/index.php?rest_route=\/wp\/v2\/media\/1351"}],"wp:attachment":[{"href":"https:\/\/deniksuper.cz\/index.php?rest_route=%2Fwp%2Fv2%2Fmedia&parent=1350"}],"wp:term":[{"taxonomy":"category","embeddable":true,"href":"https:\/\/deniksuper.cz\/index.php?rest_route=%2Fwp%2Fv2%2Fcategories&post=1350"},{"taxonomy":"post_tag","embeddable":true,"href":"https:\/\/deniksuper.cz\/index.php?rest_route=%2Fwp%2Fv2%2Ftags&post=1350"}],"curies":[{"name":"wp","href":"https:\/\/api.w.org\/{rel}","templated":true}]}}