{"id":1290,"date":"2023-06-14T08:03:00","date_gmt":"2023-06-14T06:03:00","guid":{"rendered":"https:\/\/deniksuper.cz\/?p=1290"},"modified":"2024-08-28T08:04:07","modified_gmt":"2024-08-28T06:04:07","slug":"jak-skloubit-praci-a-osobni-zivot-klic-k-vyvazenemu-zivotu","status":"publish","type":"post","link":"https:\/\/deniksuper.cz\/?p=1290","title":{"rendered":"Jak skloubit pr\u00e1ci a osobn\u00ed \u017eivot: Kl\u00ed\u010d k vyv\u00e1\u017een\u00e9mu \u017eivotu"},"content":{"rendered":"\n<p class=\"wp-block-paragraph\"><strong>Work-life balance<\/strong>, neboli rovnov\u00e1ha mezi pracovn\u00edm a osobn\u00edm \u017eivotem, je t\u00e9ma, kter\u00e9 rezonuje v dne\u0161n\u00ed usp\u011bchan\u00e9 dob\u011b st\u00e1le v\u00edce. Jak si udr\u017eet zdrav\u00fd vztah k pr\u00e1ci a z\u00e1rove\u0148 m\u00edt dostatek \u010dasu na rodinu, p\u0159\u00e1tele a kon\u00ed\u010dky? Pod\u00edvejme se na n\u011bkolik praktick\u00fdch tip\u016f.<\/p>\n\n\n\n<h3 class=\"wp-block-heading\">Co je to work-life balance?<\/h3>\n\n\n\n<p class=\"wp-block-paragraph\">Work-life balance nen\u00ed o tom, m\u00edt p\u0159esn\u011b 50 % \u010dasu v\u011bnovan\u00e9ho pr\u00e1ci a 50 % osobn\u00edmu \u017eivotu. Je to sp\u00ed\u0161e o <strong>subjektivn\u00edm pocitu spokojenosti<\/strong> v obou t\u011bchto sf\u00e9r\u00e1ch. Ka\u017ed\u00fd \u010dlov\u011bk m\u00e1 jin\u00e9 pot\u0159eby a priority, tak\u017ee to, co funguje pro jednoho, nemus\u00ed fungovat pro druh\u00e9ho.<\/p>\n\n\n\n<h3 class=\"wp-block-heading\">Jak dos\u00e1hnout lep\u0161\u00ed rovnov\u00e1hy?<\/h3>\n\n\n\n<ol class=\"wp-block-list\">\n<li><strong>Stanovte si jasn\u00e9 hranice:<\/strong>\n<ul class=\"wp-block-list\">\n<li><strong>Odd\u011blte pracovn\u00ed a osobn\u00ed prostor:<\/strong> Pokud pracujete z domova, vyhra\u010fte si konkr\u00e9tn\u00ed m\u00edsto a \u010das pro pr\u00e1ci.<\/li>\n\n\n\n<li><strong>Vypn\u011bte si pracovn\u00ed e-maily a notifikace:<\/strong> Po pracovn\u00ed dob\u011b si dejte pauzu od pr\u00e1ce a odpo\u010di\u0148te si.<\/li>\n\n\n\n<li><strong>Respektujte sv\u016fj voln\u00fd \u010das:<\/strong> Pl\u00e1nujte si aktivity, kter\u00e9 v\u00e1s bav\u00ed a nab\u00edjej\u00ed energi\u00ed.<\/li>\n<\/ul>\n<\/li>\n\n\n\n<li><strong>Nau\u010dte se \u0159\u00edkat ne:<\/strong>\n<ul class=\"wp-block-list\">\n<li><strong>Prioritizujte \u00fakoly:<\/strong> Soust\u0159e\u010fte se na to nejd\u016fle\u017eit\u011bj\u0161\u00ed a delegojte nebo odm\u00edtn\u011bte m\u00e9n\u011b podstatn\u00e9 \u00fakoly.<\/li>\n\n\n\n<li><strong>Nebojte se \u0159\u00edct ne:<\/strong> Je v po\u0159\u00e1dku \u0159\u00edct ne dal\u0161\u00edm \u00fakol\u016fm, pokud c\u00edt\u00edte, \u017ee jste p\u0159et\u00ed\u017een\u00ed.<\/li>\n<\/ul>\n<\/li>\n\n\n\n<li><strong>Pe\u010dujte o sv\u00e9 zdrav\u00ed:<\/strong>\n<ul class=\"wp-block-list\">\n<li><strong>Dostate\u010dn\u00fd sp\u00e1nek:<\/strong> Dobr\u00fd sp\u00e1nek je z\u00e1klad pro produktivitu a du\u0161evn\u00ed pohodu.<\/li>\n\n\n\n<li><strong>Vyv\u00e1\u017een\u00e1 strava:<\/strong> Stravujte se zdrav\u011b a pravideln\u011b.<\/li>\n\n\n\n<li><strong>Pohyb:<\/strong> Pravideln\u00fd pohyb pom\u00e1h\u00e1 redukovat stres a zlep\u0161uje fyzickou kondici.<\/li>\n<\/ul>\n<\/li>\n\n\n\n<li><strong>Pl\u00e1nujte si \u010das:<\/strong>\n<ul class=\"wp-block-list\">\n<li><strong>Denn\u00ed a t\u00fddenn\u00ed pl\u00e1nov\u00e1n\u00ed:<\/strong> Vytvo\u0159te si pl\u00e1n, kter\u00fd zahrnuje jak pracovn\u00ed, tak osobn\u00ed aktivity.<\/li>\n\n\n\n<li><strong>Flexibilita:<\/strong> Bu\u010fte p\u0159ipraveni na ne\u010dekan\u00e9 ud\u00e1losti a p\u0159izp\u016fsobte sv\u016fj pl\u00e1n podle pot\u0159eby.<\/li>\n<\/ul>\n<\/li>\n\n\n\n<li><strong>Komunikujte:<\/strong>\n<ul class=\"wp-block-list\">\n<li><strong>S kolegy:<\/strong> Diskutujte o sv\u00fdch pot\u0159eb\u00e1ch a po\u017eadavc\u00edch se sv\u00fdm nad\u0159\u00edzen\u00fdm.<\/li>\n\n\n\n<li><strong>S rodinou a p\u0159\u00e1teli:<\/strong> Informujte sv\u00e9 bl\u00edzk\u00e9 o sv\u00fdch pracovn\u00edch povinnostech a po\u017e\u00e1dejte je o podporu.<\/li>\n<\/ul>\n<\/li>\n\n\n\n<li><strong>Najd\u011bte si kon\u00ed\u010dky:<\/strong>\n<ul class=\"wp-block-list\">\n<li><strong>Relaxace:<\/strong> V\u011bnujte se aktivit\u00e1m, kter\u00e9 v\u00e1s bav\u00ed a pom\u00e1haj\u00ed v\u00e1m relaxovat.<\/li>\n\n\n\n<li><strong>Rozvoj:<\/strong> U\u010dte se nov\u00e9 v\u011bci a rozv\u00edjejte sv\u00e9 dovednosti.<\/li>\n<\/ul>\n<\/li>\n\n\n\n<li><strong>Nau\u010dte se odpo\u010d\u00edvat:<\/strong>\n<ul class=\"wp-block-list\">\n<li><strong>Mindfulness:<\/strong> Vyzkou\u0161ejte techniky mindfulness nebo j\u00f3gu, kter\u00e9 v\u00e1m pomohou uvolnit se a soust\u0159edit se na p\u0159\u00edtomn\u00fd okam\u017eik.<\/li>\n\n\n\n<li><strong>Digit\u00e1ln\u00ed detox:<\/strong> Ob\u010das si ud\u011blejte pauzu od technologi\u00ed a odpo\u010di\u0148te si od neust\u00e1l\u00e9ho p\u0159\u00edjmu informac\u00ed.<\/li>\n<\/ul>\n<\/li>\n<\/ol>\n","protected":false},"excerpt":{"rendered":"<p>Work-life balance, neboli rovnov\u00e1ha mezi pracovn\u00edm a osobn\u00edm \u017eivotem, je t\u00e9ma, kter\u00e9 rezonuje v dne\u0161n\u00ed usp\u011bchan\u00e9 dob\u011b st\u00e1le v\u00edce. Jak si udr\u017eet zdrav\u00fd vztah k pr\u00e1ci a z\u00e1rove\u0148 m\u00edt dostatek \u010dasu na rodinu, p\u0159\u00e1tele a kon\u00ed\u010dky? Pod\u00edvejme se na n\u011bkolik praktick\u00fdch tip\u016f. Co je to work-life balance? Work-life balance nen\u00ed o tom, m\u00edt p\u0159esn\u011b 50 [&hellip;]<\/p>\n","protected":false},"author":1,"featured_media":1291,"comment_status":"closed","ping_status":"closed","sticky":false,"template":"","format":"standard","meta":{"tdm_status":"","tdm_grid_status":"","footnotes":""},"categories":[16],"tags":[],"class_list":["post-1290","post","type-post","status-publish","format-standard","has-post-thumbnail","category-magazin"],"amp_enabled":false,"_links":{"self":[{"href":"https:\/\/deniksuper.cz\/index.php?rest_route=\/wp\/v2\/posts\/1290","targetHints":{"allow":["GET"]}}],"collection":[{"href":"https:\/\/deniksuper.cz\/index.php?rest_route=\/wp\/v2\/posts"}],"about":[{"href":"https:\/\/deniksuper.cz\/index.php?rest_route=\/wp\/v2\/types\/post"}],"author":[{"embeddable":true,"href":"https:\/\/deniksuper.cz\/index.php?rest_route=\/wp\/v2\/users\/1"}],"replies":[{"embeddable":true,"href":"https:\/\/deniksuper.cz\/index.php?rest_route=%2Fwp%2Fv2%2Fcomments&post=1290"}],"version-history":[{"count":1,"href":"https:\/\/deniksuper.cz\/index.php?rest_route=\/wp\/v2\/posts\/1290\/revisions"}],"predecessor-version":[{"id":1292,"href":"https:\/\/deniksuper.cz\/index.php?rest_route=\/wp\/v2\/posts\/1290\/revisions\/1292"}],"wp:featuredmedia":[{"embeddable":true,"href":"https:\/\/deniksuper.cz\/index.php?rest_route=\/wp\/v2\/media\/1291"}],"wp:attachment":[{"href":"https:\/\/deniksuper.cz\/index.php?rest_route=%2Fwp%2Fv2%2Fmedia&parent=1290"}],"wp:term":[{"taxonomy":"category","embeddable":true,"href":"https:\/\/deniksuper.cz\/index.php?rest_route=%2Fwp%2Fv2%2Fcategories&post=1290"},{"taxonomy":"post_tag","embeddable":true,"href":"https:\/\/deniksuper.cz\/index.php?rest_route=%2Fwp%2Fv2%2Ftags&post=1290"}],"curies":[{"name":"wp","href":"https:\/\/api.w.org\/{rel}","templated":true}]}}