{"id":1269,"date":"2022-11-16T08:19:00","date_gmt":"2022-11-16T07:19:00","guid":{"rendered":"https:\/\/deniksuper.cz\/?p=1269"},"modified":"2024-08-27T11:27:43","modified_gmt":"2024-08-27T09:27:43","slug":"5-mytu-o-lidskem-tele-ktere-vas-prekvapi","status":"publish","type":"post","link":"https:\/\/deniksuper.cz\/?p=1269","title":{"rendered":"5 m\u00fdt\u016f o lidsk\u00e9m t\u011ble, kter\u00e9 v\u00e1s p\u0159ekvap\u00ed"},"content":{"rendered":"\n<p class=\"wp-block-paragraph\">O na\u0161em t\u011ble koluje spousta m\u00fdt\u016f a polopravd. Poj\u010fme si n\u011bkter\u00e9 z nich vyvr\u00e1tit:<\/p>\n\n\n\n<h3 class=\"wp-block-heading\">1. <strong>Lidsk\u00e9 t\u011blo m\u00e1 7 hlavn\u00edch \u010daker.<\/strong><\/h3>\n\n\n\n<ul class=\"wp-block-list\">\n<li><strong>Fikce:<\/strong> Koncept \u010daker poch\u00e1z\u00ed z indick\u00e9 j\u00f3gy a \u00e1jurv\u00e9dy. Zat\u00edmco m\u00e1 v t\u011bchto kultur\u00e1ch hlubok\u00fd duchovn\u00ed v\u00fdznam, neexistuj\u00ed v\u011bdeck\u00e9 d\u016fkazy o jejich fyzick\u00e9 existenci v lidsk\u00e9m t\u011ble.<\/li>\n<\/ul>\n\n\n\n<h3 class=\"wp-block-heading\">2. <strong>Lidsk\u00fd mozek vyu\u017e\u00edv\u00e1me pouze 10 %.<\/strong><\/h3>\n\n\n\n<ul class=\"wp-block-list\">\n<li><strong>Fikce:<\/strong> Tento m\u00fdtus je jedn\u00edm z nejvytrvalej\u0161\u00edch. V\u011bdci prok\u00e1zali, \u017ee b\u011bhem r\u016fzn\u00fdch aktivit vyu\u017e\u00edv\u00e1me prakticky v\u0161echny oblasti mozku. N\u011bkter\u00e9 \u010d\u00e1sti jsou aktivn\u011bj\u0161\u00ed v r\u016fzn\u00fdch chv\u00edl\u00edch, ale \u017e\u00e1dn\u00e1 \u010d\u00e1st nen\u00ed trvale nevyu\u017eit\u00e1.<\/li>\n<\/ul>\n\n\n\n<h3 class=\"wp-block-heading\">3. <strong>Holohlavost zp\u016fsobuje, \u017ee vlasy rostou hust\u011bji a siln\u011bj\u0161\u00ed.<\/strong><\/h3>\n\n\n\n<ul class=\"wp-block-list\">\n<li><strong>Fikce:<\/strong> Holen\u00ed vlas\u016f nem\u00e1 \u017e\u00e1dn\u00fd vliv na jejich n\u00e1sledn\u00fd r\u016fst. Vlasy rostou z vlasov\u00fdch folikul\u016f, kter\u00e9 nejsou ovlivn\u011bny holen\u00edm.<\/li>\n<\/ul>\n\n\n\n<h3 class=\"wp-block-heading\">4. <strong>\u010clov\u011bk m\u00e1 p\u011bt smysl\u016f.<\/strong><\/h3>\n\n\n\n<ul class=\"wp-block-list\">\n<li><strong>Fikce:<\/strong> Ano, m\u00e1me zrak, sluch, \u010dich, chu\u0165 a hmat. Nicm\u00e9n\u011b, existuje \u0159ada dal\u0161\u00edch smysl\u016f, jako je nap\u0159\u00edklad propriocepce (vn\u00edm\u00e1n\u00ed polohy t\u011bla), termocepce (vn\u00edm\u00e1n\u00ed teploty) nebo equilibriocepce (rovnov\u00e1ha).<\/li>\n<\/ul>\n\n\n\n<h3 class=\"wp-block-heading\">5. <strong>Proti ch\u0159ipce nejl\u00e9pe zabere vitam\u00edn C.<\/strong><\/h3>\n\n\n\n<ul class=\"wp-block-list\">\n<li><strong>Fikce:<\/strong> Zat\u00edmco vitam\u00edn C je d\u016fle\u017eit\u00fd pro imunitn\u00ed syst\u00e9m, neexistuj\u00ed p\u0159esv\u011bd\u010div\u00e9 d\u016fkazy o tom, \u017ee by pravideln\u00e9 u\u017e\u00edv\u00e1n\u00ed vitam\u00ednu C zabr\u00e1nilo onemocn\u011bn\u00ed ch\u0159ipkou.<\/li>\n<\/ul>\n\n\n\n<p class=\"wp-block-paragraph\"><strong>Pro\u010d je d\u016fle\u017eit\u00e9 tyto m\u00fdty vyvracet?<\/strong><\/p>\n\n\n\n<ul class=\"wp-block-list\">\n<li><strong>Zdravotn\u00ed d\u016fvody:<\/strong> N\u011bkter\u00e9 m\u00fdty mohou v\u00e9st k nevhodn\u00e9mu chov\u00e1n\u00ed, kter\u00e9 m\u016f\u017ee ohrozit na\u0161e zdrav\u00ed.<\/li>\n\n\n\n<li><strong>Kritick\u00e9 my\u0161len\u00ed:<\/strong> Rozli\u0161ov\u00e1n\u00ed fakt\u016f od fikce je d\u016fle\u017eitou dovednost\u00ed v dne\u0161n\u00ed dob\u011b, kdy jsme bombardov\u00e1ni informacemi z r\u016fzn\u00fdch zdroj\u016f.<\/li>\n<\/ul>\n","protected":false},"excerpt":{"rendered":"<p>O na\u0161em t\u011ble koluje spousta m\u00fdt\u016f a polopravd. Poj\u010fme si n\u011bkter\u00e9 z nich vyvr\u00e1tit: 1. Lidsk\u00e9 t\u011blo m\u00e1 7 hlavn\u00edch \u010daker. 2. Lidsk\u00fd mozek vyu\u017e\u00edv\u00e1me pouze 10 %. 3. Holohlavost zp\u016fsobuje, \u017ee vlasy rostou hust\u011bji a siln\u011bj\u0161\u00ed. 4. \u010clov\u011bk m\u00e1 p\u011bt smysl\u016f. 5. Proti ch\u0159ipce nejl\u00e9pe zabere vitam\u00edn C. Pro\u010d je d\u016fle\u017eit\u00e9 tyto m\u00fdty vyvracet?<\/p>\n","protected":false},"author":1,"featured_media":1270,"comment_status":"closed","ping_status":"closed","sticky":false,"template":"","format":"standard","meta":{"tdm_status":"","tdm_grid_status":"","footnotes":""},"categories":[16],"tags":[],"class_list":["post-1269","post","type-post","status-publish","format-standard","has-post-thumbnail","category-magazin"],"amp_enabled":false,"_links":{"self":[{"href":"https:\/\/deniksuper.cz\/index.php?rest_route=\/wp\/v2\/posts\/1269","targetHints":{"allow":["GET"]}}],"collection":[{"href":"https:\/\/deniksuper.cz\/index.php?rest_route=\/wp\/v2\/posts"}],"about":[{"href":"https:\/\/deniksuper.cz\/index.php?rest_route=\/wp\/v2\/types\/post"}],"author":[{"embeddable":true,"href":"https:\/\/deniksuper.cz\/index.php?rest_route=\/wp\/v2\/users\/1"}],"replies":[{"embeddable":true,"href":"https:\/\/deniksuper.cz\/index.php?rest_route=%2Fwp%2Fv2%2Fcomments&post=1269"}],"version-history":[{"count":1,"href":"https:\/\/deniksuper.cz\/index.php?rest_route=\/wp\/v2\/posts\/1269\/revisions"}],"predecessor-version":[{"id":1271,"href":"https:\/\/deniksuper.cz\/index.php?rest_route=\/wp\/v2\/posts\/1269\/revisions\/1271"}],"wp:featuredmedia":[{"embeddable":true,"href":"https:\/\/deniksuper.cz\/index.php?rest_route=\/wp\/v2\/media\/1270"}],"wp:attachment":[{"href":"https:\/\/deniksuper.cz\/index.php?rest_route=%2Fwp%2Fv2%2Fmedia&parent=1269"}],"wp:term":[{"taxonomy":"category","embeddable":true,"href":"https:\/\/deniksuper.cz\/index.php?rest_route=%2Fwp%2Fv2%2Fcategories&post=1269"},{"taxonomy":"post_tag","embeddable":true,"href":"https:\/\/deniksuper.cz\/index.php?rest_route=%2Fwp%2Fv2%2Ftags&post=1269"}],"curies":[{"name":"wp","href":"https:\/\/api.w.org\/{rel}","templated":true}]}}