{"id":1230,"date":"2023-06-08T11:55:00","date_gmt":"2023-06-08T09:55:00","guid":{"rendered":"https:\/\/deniksuper.cz\/?p=1230"},"modified":"2024-08-26T11:56:15","modified_gmt":"2024-08-26T09:56:15","slug":"ekonomicke-trendy-ktere-ovlivnily-vase-finance-v-roce-2023","status":"publish","type":"post","link":"https:\/\/deniksuper.cz\/?p=1230","title":{"rendered":"Ekonomick\u00e9 trendy, kter\u00e9 ovlivnily va\u0161e finance v roce 2023"},"content":{"rendered":"\n<p class=\"wp-block-paragraph\"><strong>Rok 2023 je znamen\u00ed n\u011bkolika v\u00fdznamn\u00fdch ekonomick\u00fdch trend\u016f, kter\u00e9 se dotkly na\u0161ich pen\u011b\u017eenek. Poj\u010fme si je spole\u010dn\u011b shrnout:<\/strong><\/p>\n\n\n\n<h3 class=\"wp-block-heading\"><strong>Hlavn\u00ed ekonomick\u00e9 trendy roku 2023:<\/strong><\/h3>\n\n\n\n<ul class=\"wp-block-list\">\n<li><strong>Perzistentn\u00ed inflace:<\/strong> Zv\u00fd\u0161en\u00e9 ceny energi\u00ed, potravin a dal\u0161\u00edch komodit vedly k vy\u0161\u0161\u00ed inflaci, ne\u017e se p\u016fvodn\u011b o\u010dek\u00e1valo. To znamenalo sn\u00ed\u017een\u00ed re\u00e1ln\u00e9 hodnoty pen\u011bz a nutnost \u010dast\u011bj\u0161\u00edho p\u0159izp\u016fsobov\u00e1n\u00ed rodinn\u00fdch rozpo\u010dt\u016f.<\/li>\n\n\n\n<li><strong>Zvy\u0161ov\u00e1n\u00ed \u00farokov\u00fdch sazeb:<\/strong> Centr\u00e1ln\u00ed banky po cel\u00e9m sv\u011bt\u011b reagovaly na inflaci zvy\u0161ov\u00e1n\u00edm \u00farokov\u00fdch sazeb. To sice pomohlo krotit inflaci, ale z\u00e1rove\u0148 zv\u00fd\u0161ilo n\u00e1klady na \u00fav\u011bry, v\u010detn\u011b hypot\u00e9k.<\/li>\n\n\n\n<li><strong>Energetick\u00e1 krize:<\/strong> V\u00e1lka na Ukrajin\u011b a souvisej\u00edc\u00ed sankce v\u00fdrazn\u011b naru\u0161ily dod\u00e1vky energi\u00ed, co\u017e vedlo k prudk\u00e9mu r\u016fstu cen energi\u00ed a zv\u00fd\u0161ilo n\u00e1klady na bydlen\u00ed a v\u00fdrobu.<\/li>\n\n\n\n<li><strong>Nedostatek pracovn\u00edch sil:<\/strong> Mnoho odv\u011btv\u00ed se pot\u00fdkalo s nedostatkem kvalifikovan\u00fdch pracovn\u00edk\u016f, co\u017e vedlo k r\u016fstu mezd a zv\u00fd\u0161en\u00fdm n\u00e1klad\u016fm na v\u00fdrobu.<\/li>\n\n\n\n<li><strong>Geopolitick\u00e1 nejistota:<\/strong> V\u00e1lka na Ukrajin\u011b a dal\u0161\u00ed geopolitick\u00e9 konflikty zv\u00fd\u0161ily nejistotu na glob\u00e1ln\u00edch trz\u00edch a ovlivnily investice.<\/li>\n<\/ul>\n\n\n\n<h3 class=\"wp-block-heading\"><strong>Jak tyto trendy ovlivnily va\u0161e finance?<\/strong><\/h3>\n\n\n\n<ul class=\"wp-block-list\">\n<li><strong>Vy\u0161\u0161\u00ed n\u00e1klady na \u017eivot:<\/strong> Zv\u00fd\u0161en\u00e9 ceny energi\u00ed, potravin a dal\u0161\u00edch zbo\u017e\u00ed a slu\u017eeb znamenaly, \u017ee jste museli vy\u010dlenit v\u011bt\u0161\u00ed \u010d\u00e1st sv\u00e9ho p\u0159\u00edjmu na z\u00e1kladn\u00ed pot\u0159eby.<\/li>\n\n\n\n<li><strong>Dra\u017e\u0161\u00ed \u00fav\u011bry:<\/strong> Pokud jste si brali \u00fav\u011br, nap\u0159\u00edklad na bydlen\u00ed nebo auto, tak jste pravd\u011bpodobn\u011b poc\u00edtili zv\u00fd\u0161en\u00ed m\u011bs\u00ed\u010dn\u00edch spl\u00e1tek.<\/li>\n\n\n\n<li><strong>Tlak na \u00faspory:<\/strong> Mnoz\u00ed lid\u00e9 museli \u010delit tlaku na sn\u00ed\u017een\u00ed sv\u00fdch \u00faspor, aby pokryli vy\u0161\u0161\u00ed n\u00e1klady na \u017eivot.<\/li>\n\n\n\n<li><strong>Zv\u00fd\u0161en\u00e1 volatilita na finan\u010dn\u00edch trz\u00edch:<\/strong> Pokud jste investovali, pravd\u011bpodobn\u011b jste za\u017eili v\u011bt\u0161\u00ed v\u00fdkyvy hodnoty sv\u00fdch investic.<\/li>\n<\/ul>\n\n\n\n<h3 class=\"wp-block-heading\"><strong>Co n\u00e1s \u010dek\u00e1 v budoucnu?<\/strong><\/h3>\n\n\n\n<p class=\"wp-block-paragraph\">Progn\u00f3zy na rok 2024 jsou st\u00e1le nejist\u00e9, ale o\u010dek\u00e1v\u00e1 se, \u017ee n\u011bkter\u00e9 z v\u00fd\u0161e uveden\u00fdch trend\u016f budou p\u0159etrv\u00e1vat. D\u016fle\u017eit\u00e9 bude sledovat v\u00fdvoj inflace, rozhodnut\u00ed centr\u00e1ln\u00edch bank a geopolitickou situaci.<\/p>\n\n\n\n<p class=\"wp-block-paragraph\"><strong>Abychom se na budoucnost l\u00e9pe p\u0159ipravili, je vhodn\u00e9:<\/strong><\/p>\n\n\n\n<ul class=\"wp-block-list\">\n<li><strong>Diverzifikovat p\u0159\u00edjmy:<\/strong> Pokud je to mo\u017en\u00e9, zva\u017ete dal\u0161\u00ed zdroje p\u0159\u00edjm\u016f.<\/li>\n\n\n\n<li><strong>Zv\u00fd\u0161it \u00faspory:<\/strong> Sna\u017ete se odkl\u00e1dat alespo\u0148 \u010d\u00e1st p\u0159\u00edjmu na hor\u0161\u00ed \u010dasy.<\/li>\n\n\n\n<li><strong>Sledovat sv\u00e9 v\u00fddaje:<\/strong> Pravideln\u011b kontrolujte sv\u00e9 v\u00fddaje a hledat mo\u017enosti, jak u\u0161et\u0159it.<\/li>\n\n\n\n<li><strong>Investovat s rozvahou:<\/strong> Pokud investujete, konzultujte sv\u00e9 rozhodnut\u00ed s finan\u010dn\u00edm poradcem.<\/li>\n\n\n\n<li><strong>Vzd\u011bl\u00e1vat se:<\/strong> Sledujte ekonomick\u00e9 d\u011bn\u00ed a sna\u017ete se porozum\u011bt souvislostem.<\/li>\n<\/ul>\n","protected":false},"excerpt":{"rendered":"<p>Rok 2023 je znamen\u00ed n\u011bkolika v\u00fdznamn\u00fdch ekonomick\u00fdch trend\u016f, kter\u00e9 se dotkly na\u0161ich pen\u011b\u017eenek. Poj\u010fme si je spole\u010dn\u011b shrnout: Hlavn\u00ed ekonomick\u00e9 trendy roku 2023: Jak tyto trendy ovlivnily va\u0161e finance? Co n\u00e1s \u010dek\u00e1 v budoucnu? Progn\u00f3zy na rok 2024 jsou st\u00e1le nejist\u00e9, ale o\u010dek\u00e1v\u00e1 se, \u017ee n\u011bkter\u00e9 z v\u00fd\u0161e uveden\u00fdch trend\u016f budou p\u0159etrv\u00e1vat. D\u016fle\u017eit\u00e9 bude sledovat [&hellip;]<\/p>\n","protected":false},"author":1,"featured_media":1231,"comment_status":"closed","ping_status":"closed","sticky":false,"template":"","format":"standard","meta":{"tdm_status":"","tdm_grid_status":"","footnotes":""},"categories":[12],"tags":[],"class_list":["post-1230","post","type-post","status-publish","format-standard","has-post-thumbnail","category-finance"],"amp_enabled":false,"_links":{"self":[{"href":"https:\/\/deniksuper.cz\/index.php?rest_route=\/wp\/v2\/posts\/1230","targetHints":{"allow":["GET"]}}],"collection":[{"href":"https:\/\/deniksuper.cz\/index.php?rest_route=\/wp\/v2\/posts"}],"about":[{"href":"https:\/\/deniksuper.cz\/index.php?rest_route=\/wp\/v2\/types\/post"}],"author":[{"embeddable":true,"href":"https:\/\/deniksuper.cz\/index.php?rest_route=\/wp\/v2\/users\/1"}],"replies":[{"embeddable":true,"href":"https:\/\/deniksuper.cz\/index.php?rest_route=%2Fwp%2Fv2%2Fcomments&post=1230"}],"version-history":[{"count":1,"href":"https:\/\/deniksuper.cz\/index.php?rest_route=\/wp\/v2\/posts\/1230\/revisions"}],"predecessor-version":[{"id":1232,"href":"https:\/\/deniksuper.cz\/index.php?rest_route=\/wp\/v2\/posts\/1230\/revisions\/1232"}],"wp:featuredmedia":[{"embeddable":true,"href":"https:\/\/deniksuper.cz\/index.php?rest_route=\/wp\/v2\/media\/1231"}],"wp:attachment":[{"href":"https:\/\/deniksuper.cz\/index.php?rest_route=%2Fwp%2Fv2%2Fmedia&parent=1230"}],"wp:term":[{"taxonomy":"category","embeddable":true,"href":"https:\/\/deniksuper.cz\/index.php?rest_route=%2Fwp%2Fv2%2Fcategories&post=1230"},{"taxonomy":"post_tag","embeddable":true,"href":"https:\/\/deniksuper.cz\/index.php?rest_route=%2Fwp%2Fv2%2Ftags&post=1230"}],"curies":[{"name":"wp","href":"https:\/\/api.w.org\/{rel}","templated":true}]}}