{"id":1184,"date":"2023-11-03T13:50:00","date_gmt":"2023-11-03T12:50:00","guid":{"rendered":"https:\/\/deniksuper.cz\/?p=1184"},"modified":"2024-08-23T13:51:48","modified_gmt":"2024-08-23T11:51:48","slug":"jake-barvy-opticky-zvetsi-maly-prostor","status":"publish","type":"post","link":"https:\/\/deniksuper.cz\/?p=1184","title":{"rendered":"Jak\u00e9 barvy opticky zv\u011bt\u0161\u00ed mal\u00fd prostor?"},"content":{"rendered":"\n<p class=\"wp-block-paragraph\">V\u00fdb\u011br spr\u00e1vn\u00fdch barev je kl\u00ed\u010dov\u00fd pro to, aby se i mal\u00fd prostor jevil prostorn\u011bj\u0161\u00ed a vzdu\u0161n\u011bj\u0161\u00ed. Sv\u011btl\u00e9 barvy toti\u017e odr\u00e1\u017eej\u00ed sv\u011btlo a opticky zv\u011bt\u0161uj\u00ed prostor.<\/p>\n\n\n\n<h2 class=\"wp-block-heading\"><strong>Nejlep\u0161\u00ed barvy pro zv\u011bt\u0161en\u00ed mal\u00e9ho prostoru jsou:<\/strong><\/h2>\n\n\n\n<ul class=\"wp-block-list\">\n<li><strong>B\u00edl\u00e1:<\/strong> Klasika, kter\u00e1 nikdy nevyjde z m\u00f3dy. Jej\u00ed \u010distota a jednoduchost vytv\u00e1\u0159\u00ed pocit vzdu\u0161nosti a prostornosti.<\/li>\n\n\n\n<li><strong>Sv\u011btle \u0161ed\u00e1:<\/strong> Elegantn\u00ed a neutr\u00e1ln\u00ed odst\u00edn, kter\u00fd p\u016fsob\u00ed uklid\u0148uj\u00edc\u00edm dojmem.<\/li>\n\n\n\n<li><strong>Pastelov\u00e9 barvy:<\/strong> Jemn\u00e9 odst\u00edny r\u016f\u017eov\u00e9, modr\u00e9, zelen\u00e9 nebo \u017elut\u00e9 dodaj\u00ed prostoru sv\u011b\u017eest a lehkost.<\/li>\n\n\n\n<li><strong>Sv\u011btle b\u00e9\u017eov\u00e1:<\/strong> Tepl\u00fd a \u00fatuln\u00fd odst\u00edn, kter\u00fd vytvo\u0159\u00ed p\u0159\u00edjemnou atmosf\u00e9ru.<\/li>\n<\/ul>\n\n\n\n<h2 class=\"wp-block-heading\"><strong>Dal\u0161\u00ed tipy pro optick\u00e9 zv\u011bt\u0161en\u00ed prostoru:<\/strong><\/h2>\n\n\n\n<ul class=\"wp-block-list\">\n<li><strong>Jedna barva na st\u011bny a strop:<\/strong> T\u00edm vytvo\u0159\u00edte pocit vy\u0161\u0161\u00edho stropu a sjednot\u00edte prostor.<\/li>\n\n\n\n<li><strong>Leskl\u00e9 povrchy:<\/strong> Leskl\u00e9 barvy odr\u00e1\u017eej\u00ed sv\u011btlo a zv\u011bt\u0161uj\u00ed prostor.<\/li>\n\n\n\n<li><strong>Vertik\u00e1ln\u00ed linie:<\/strong> Nap\u0159\u00edklad pruhy na tapet\u011b nebo z\u00e1v\u011bsy s vertik\u00e1ln\u00edmi vzory opticky prodlou\u017e\u00ed v\u00fd\u0161ku m\u00edstnosti.<\/li>\n\n\n\n<li><strong>Velk\u00e1 zrcadla:<\/strong> Zrcadla odr\u00e1\u017eej\u00ed sv\u011btlo a vytv\u00e1\u0159ej\u00ed iluzi v\u011bt\u0161\u00edho prostoru.<\/li>\n\n\n\n<li><strong>Minim\u00e1ln\u00ed n\u00e1bytek:<\/strong> Vyberte si n\u00e1bytek s jednoduch\u00fdmi liniemi a sv\u011btl\u00fdmi barvami.<\/li>\n\n\n\n<li><strong>Dostatek sv\u011btla:<\/strong> P\u0159irozen\u00e9 sv\u011btlo opticky zv\u011bt\u0161\u00ed ka\u017ed\u00fd prostor.<\/li>\n<\/ul>\n\n\n\n<h2 class=\"wp-block-heading\"><strong>\u010cemu se vyhnout:<\/strong><\/h2>\n\n\n\n<ul class=\"wp-block-list\">\n<li><strong>Tmav\u00e9 barvy:<\/strong> Tmav\u00e9 barvy pohlcuj\u00ed sv\u011btlo a zmen\u0161uj\u00ed prostor.<\/li>\n\n\n\n<li><strong>V\u00fdrazn\u00e9 vzory:<\/strong> Velk\u00e9 a v\u00fdrazn\u00e9 vzory mohou p\u016fsobit ru\u0161iv\u011b a zmen\u0161ovat prostor.<\/li>\n\n\n\n<li><strong>P\u0159\u00edli\u0161 mnoho barev:<\/strong> Kombinujte maxim\u00e1ln\u011b t\u0159i barvy, aby prostor p\u016fsobil harmonicky.<\/li>\n<\/ul>\n\n\n\n<h2 class=\"wp-block-heading\"><strong>Inspirujte se p\u0159\u00edrodou:<\/strong><\/h2>\n\n\n\n<ul class=\"wp-block-list\">\n<li><strong>Odst\u00edny modr\u00e9:<\/strong> P\u0159ipom\u00ednaj\u00ed oblohu a mo\u0159e a p\u016fsob\u00ed uklid\u0148uj\u00edc\u00edm dojmem.<\/li>\n\n\n\n<li><strong>Odst\u00edny zelen\u00e9:<\/strong> Spojeny s p\u0159\u00edrodou, navozuj\u00ed pocit klidu a harmonie.<\/li>\n<\/ul>\n\n\n\n<p class=\"wp-block-paragraph\"><strong>Pamatujte:<\/strong> D\u016fle\u017eit\u00e9 je tak\u00e9 osv\u011btlen\u00ed. Vyberte si dostate\u010dn\u011b siln\u00e9 sv\u011btlo a kombinujte r\u016fzn\u00e9 zdroje sv\u011btla \u2013 stropn\u00ed, stojac\u00ed lampy, bodov\u00e1 sv\u011btla.<\/p>\n","protected":false},"excerpt":{"rendered":"<p>V\u00fdb\u011br spr\u00e1vn\u00fdch barev je kl\u00ed\u010dov\u00fd pro to, aby se i mal\u00fd prostor jevil prostorn\u011bj\u0161\u00ed a vzdu\u0161n\u011bj\u0161\u00ed. Sv\u011btl\u00e9 barvy toti\u017e odr\u00e1\u017eej\u00ed sv\u011btlo a opticky zv\u011bt\u0161uj\u00ed prostor. Nejlep\u0161\u00ed barvy pro zv\u011bt\u0161en\u00ed mal\u00e9ho prostoru jsou: Dal\u0161\u00ed tipy pro optick\u00e9 zv\u011bt\u0161en\u00ed prostoru: \u010cemu se vyhnout: Inspirujte se p\u0159\u00edrodou: Pamatujte: D\u016fle\u017eit\u00e9 je tak\u00e9 osv\u011btlen\u00ed. Vyberte si dostate\u010dn\u011b siln\u00e9 sv\u011btlo a [&hellip;]<\/p>\n","protected":false},"author":1,"featured_media":1185,"comment_status":"closed","ping_status":"closed","sticky":false,"template":"","format":"standard","meta":{"tdm_status":"","tdm_grid_status":"","footnotes":""},"categories":[6],"tags":[],"class_list":["post-1184","post","type-post","status-publish","format-standard","has-post-thumbnail","category-bydleni"],"amp_enabled":false,"_links":{"self":[{"href":"https:\/\/deniksuper.cz\/index.php?rest_route=\/wp\/v2\/posts\/1184","targetHints":{"allow":["GET"]}}],"collection":[{"href":"https:\/\/deniksuper.cz\/index.php?rest_route=\/wp\/v2\/posts"}],"about":[{"href":"https:\/\/deniksuper.cz\/index.php?rest_route=\/wp\/v2\/types\/post"}],"author":[{"embeddable":true,"href":"https:\/\/deniksuper.cz\/index.php?rest_route=\/wp\/v2\/users\/1"}],"replies":[{"embeddable":true,"href":"https:\/\/deniksuper.cz\/index.php?rest_route=%2Fwp%2Fv2%2Fcomments&post=1184"}],"version-history":[{"count":1,"href":"https:\/\/deniksuper.cz\/index.php?rest_route=\/wp\/v2\/posts\/1184\/revisions"}],"predecessor-version":[{"id":1186,"href":"https:\/\/deniksuper.cz\/index.php?rest_route=\/wp\/v2\/posts\/1184\/revisions\/1186"}],"wp:featuredmedia":[{"embeddable":true,"href":"https:\/\/deniksuper.cz\/index.php?rest_route=\/wp\/v2\/media\/1185"}],"wp:attachment":[{"href":"https:\/\/deniksuper.cz\/index.php?rest_route=%2Fwp%2Fv2%2Fmedia&parent=1184"}],"wp:term":[{"taxonomy":"category","embeddable":true,"href":"https:\/\/deniksuper.cz\/index.php?rest_route=%2Fwp%2Fv2%2Fcategories&post=1184"},{"taxonomy":"post_tag","embeddable":true,"href":"https:\/\/deniksuper.cz\/index.php?rest_route=%2Fwp%2Fv2%2Ftags&post=1184"}],"curies":[{"name":"wp","href":"https:\/\/api.w.org\/{rel}","templated":true}]}}