{"id":1181,"date":"2023-10-04T12:18:00","date_gmt":"2023-10-04T10:18:00","guid":{"rendered":"https:\/\/deniksuper.cz\/?p=1181"},"modified":"2024-08-22T12:19:22","modified_gmt":"2024-08-22T10:19:22","slug":"jak-sladit-barvy-v-obyvacim-pokoji-tipy-pro-harmonicky-interier","status":"publish","type":"post","link":"https:\/\/deniksuper.cz\/?p=1181","title":{"rendered":"Jak sladit barvy v ob\u00fdvac\u00edm pokoji: Tipy pro harmonick\u00fd interi\u00e9r"},"content":{"rendered":"\n<p class=\"wp-block-paragraph\">V\u00fdb\u011br spr\u00e1vn\u00fdch barev do ob\u00fdvac\u00edho pokoje je kl\u00ed\u010dov\u00fd pro vytvo\u0159en\u00ed p\u0159\u00edjemn\u00e9 a \u00fatuln\u00e9 atmosf\u00e9ry. Aby v\u00e1\u0161 ob\u00fdvac\u00ed pokoj p\u016fsobil harmonicky a esteticky, je d\u016fle\u017eit\u00e9 sladit jednotliv\u00e9 barvy. Zde je n\u011bkolik tip\u016f, jak na to:<\/p>\n\n\n\n<h3 class=\"wp-block-heading\"><strong>Z\u00e1kladn\u00ed barevn\u00e1 sch\u00e9mata:<\/strong><\/h3>\n\n\n\n<ul class=\"wp-block-list\">\n<li><strong>Monochromatick\u00e9:<\/strong> Pou\u017eit\u00ed r\u016fzn\u00fdch odst\u00edn\u016f jedn\u00e9 barvy. Vytv\u00e1\u0159\u00ed elegantn\u00ed a klidn\u00fd dojem.<\/li>\n\n\n\n<li><strong>Analogick\u00e9:<\/strong> Kombinace barev, kter\u00e9 se nach\u00e1zej\u00ed vedle sebe na barevn\u00e9m kruhu (nap\u0159. modr\u00e1, fialov\u00e1, modr\u00e1).<\/li>\n\n\n\n<li><strong>Komplement\u00e1rn\u00ed:<\/strong> Spojen\u00ed barev, kter\u00e9 jsou na barevn\u00e9m kruhu naproti sob\u011b (nap\u0159. \u010derven\u00e1 a zelen\u00e1). Tento kontrast m\u016f\u017ee b\u00fdt v\u00fdrazn\u00fd, tak\u017ee je vhodn\u00e9 jej doplnit neutr\u00e1ln\u00edmi t\u00f3ny.<\/li>\n\n\n\n<li><strong>Tri\u00e1da:<\/strong> Kombinace t\u0159\u00ed barev, kter\u00e9 tvo\u0159\u00ed rovnoramenn\u00fd troj\u00faheln\u00edk na barevn\u00e9m kruhu.<\/li>\n<\/ul>\n\n\n\n<h3 class=\"wp-block-heading\"><strong>Praktick\u00e9 rady:<\/strong><\/h3>\n\n\n\n<ul class=\"wp-block-list\">\n<li><strong>60-30-10 pravidlo:<\/strong> Vyberte si jednu dominantn\u00ed barvu (60 %), dopl\u0148te ji druhou barvou (30 %) a t\u0159et\u00ed barvou pou\u017eijte jako akcent (10 %).<\/li>\n\n\n\n<li><strong>Neutr\u00e1ln\u00ed barvy jako z\u00e1klad:<\/strong> B\u00edl\u00e1, \u0161ed\u00e1 nebo b\u00e9\u017eov\u00e1 slou\u017e\u00ed jako skv\u011bl\u00fd z\u00e1klad a umo\u017e\u0148uj\u00ed vyniknout v\u00fdrazn\u011bj\u0161\u00edm barv\u00e1m.<\/li>\n\n\n\n<li><strong>Barevn\u00fd kruh:<\/strong> Pomoc\u00ed barevn\u00e9ho kruhu snadno zjist\u00edte, kter\u00e9 barvy se k sob\u011b hod\u00ed.<\/li>\n\n\n\n<li><strong>Textury:<\/strong> R\u016fzn\u00e9 textury (nap\u0159. hladk\u00e1 st\u011bna, drsn\u00fd koberec, leskl\u00fd n\u00e1bytek) mohou o\u017eivit barevn\u00e9 sch\u00e9ma.<\/li>\n\n\n\n<li><strong>Osv\u011btlen\u00ed:<\/strong> Tepl\u00e9 sv\u011btlo dod\u00e1 prostoru \u00fatulnost, zat\u00edmco studen\u00e9 sv\u011btlo ho opticky zv\u011bt\u0161\u00ed.<\/li>\n\n\n\n<li><strong>Dopl\u0148ky:<\/strong> Pol\u0161t\u00e1\u0159e, obrazy, kv\u011btiny nebo dekorace mohou dodat prostoru osobit\u00fd charakter a o\u017eivit barevn\u00e9 sch\u00e9ma.<\/li>\n<\/ul>\n\n\n\n<h3 class=\"wp-block-heading\"><strong>Inspirativn\u00ed kombinace:<\/strong><\/h3>\n\n\n\n<ul class=\"wp-block-list\">\n<li><strong>Modr\u00e1 a \u0161ed\u00e1:<\/strong> Elegantn\u00ed a klidn\u00e1 kombinace, kter\u00e1 navod\u00ed pocit pohody.<\/li>\n\n\n\n<li><strong>Zelen\u00e1 a b\u00e9\u017eov\u00e1:<\/strong> P\u0159\u00edrodn\u00ed a harmonick\u00e1 kombinace, kter\u00e1 p\u0159inese do ob\u00fdvac\u00edho pokoje kousek p\u0159\u00edrody.<\/li>\n\n\n\n<li><strong>\u017dlut\u00e1 a \u0161ed\u00e1:<\/strong> Vesel\u00e1 a energick\u00e1 kombinace, kter\u00e1 rozjasn\u00ed ka\u017ed\u00fd prostor.<\/li>\n\n\n\n<li><strong>Hn\u011bd\u00e1 a oran\u017eov\u00e1:<\/strong> Tepl\u00e1 a \u00fatuln\u00e1 kombinace, kter\u00e1 dod\u00e1 ob\u00fdvac\u00edmu pokoji rustik\u00e1ln\u00ed vzhled.<\/li>\n<\/ul>\n\n\n\n<h3 class=\"wp-block-heading\"><strong>\u010cast\u00e9 chyby:<\/strong><\/h3>\n\n\n\n<ul class=\"wp-block-list\">\n<li><strong>P\u0159\u00edli\u0161 mnoho barev:<\/strong> P\u0159epln\u011bn\u00fd prostor p\u016fsob\u00ed chaoticky.<\/li>\n\n\n\n<li><strong>Tmav\u00e9 barvy v mal\u00fdch prostorech:<\/strong> Tmav\u00e9 barvy opticky zmen\u0161uj\u00ed prostor.<\/li>\n\n\n\n<li><strong>Nezohledn\u011bn\u00ed orientace m\u00edstnosti:<\/strong> Severn\u011b orientovan\u00e9 m\u00edstnosti pot\u0159ebuj\u00ed tepl\u00e9 barvy, zat\u00edmco ji\u017en\u011b orientovan\u00e9 m\u00edstnosti se hod\u00ed chladn\u011bj\u0161\u00ed odst\u00edny.<\/li>\n<\/ul>\n\n\n\n<p class=\"wp-block-paragraph\"><strong>Pokud si st\u00e1le nejste jist\u00ed, jak sladit barvy ve va\u0161em ob\u00fdvac\u00edm pokoji, m\u016f\u017eete vyu\u017e\u00edt slu\u017eeb interi\u00e9rov\u00e9ho design\u00e9ra nebo si vyhledat inspiraci na internetu.<\/strong><\/p>\n","protected":false},"excerpt":{"rendered":"<p>V\u00fdb\u011br spr\u00e1vn\u00fdch barev do ob\u00fdvac\u00edho pokoje je kl\u00ed\u010dov\u00fd pro vytvo\u0159en\u00ed p\u0159\u00edjemn\u00e9 a \u00fatuln\u00e9 atmosf\u00e9ry. Aby v\u00e1\u0161 ob\u00fdvac\u00ed pokoj p\u016fsobil harmonicky a esteticky, je d\u016fle\u017eit\u00e9 sladit jednotliv\u00e9 barvy. Zde je n\u011bkolik tip\u016f, jak na to: Z\u00e1kladn\u00ed barevn\u00e1 sch\u00e9mata: Praktick\u00e9 rady: Inspirativn\u00ed kombinace: \u010cast\u00e9 chyby: Pokud si st\u00e1le nejste jist\u00ed, jak sladit barvy ve va\u0161em ob\u00fdvac\u00edm pokoji, [&hellip;]<\/p>\n","protected":false},"author":1,"featured_media":1182,"comment_status":"closed","ping_status":"closed","sticky":false,"template":"","format":"standard","meta":{"tdm_status":"","tdm_grid_status":"","footnotes":""},"categories":[6],"tags":[],"class_list":["post-1181","post","type-post","status-publish","format-standard","has-post-thumbnail","category-bydleni"],"amp_enabled":false,"_links":{"self":[{"href":"https:\/\/deniksuper.cz\/index.php?rest_route=\/wp\/v2\/posts\/1181","targetHints":{"allow":["GET"]}}],"collection":[{"href":"https:\/\/deniksuper.cz\/index.php?rest_route=\/wp\/v2\/posts"}],"about":[{"href":"https:\/\/deniksuper.cz\/index.php?rest_route=\/wp\/v2\/types\/post"}],"author":[{"embeddable":true,"href":"https:\/\/deniksuper.cz\/index.php?rest_route=\/wp\/v2\/users\/1"}],"replies":[{"embeddable":true,"href":"https:\/\/deniksuper.cz\/index.php?rest_route=%2Fwp%2Fv2%2Fcomments&post=1181"}],"version-history":[{"count":1,"href":"https:\/\/deniksuper.cz\/index.php?rest_route=\/wp\/v2\/posts\/1181\/revisions"}],"predecessor-version":[{"id":1183,"href":"https:\/\/deniksuper.cz\/index.php?rest_route=\/wp\/v2\/posts\/1181\/revisions\/1183"}],"wp:featuredmedia":[{"embeddable":true,"href":"https:\/\/deniksuper.cz\/index.php?rest_route=\/wp\/v2\/media\/1182"}],"wp:attachment":[{"href":"https:\/\/deniksuper.cz\/index.php?rest_route=%2Fwp%2Fv2%2Fmedia&parent=1181"}],"wp:term":[{"taxonomy":"category","embeddable":true,"href":"https:\/\/deniksuper.cz\/index.php?rest_route=%2Fwp%2Fv2%2Fcategories&post=1181"},{"taxonomy":"post_tag","embeddable":true,"href":"https:\/\/deniksuper.cz\/index.php?rest_route=%2Fwp%2Fv2%2Ftags&post=1181"}],"curies":[{"name":"wp","href":"https:\/\/api.w.org\/{rel}","templated":true}]}}