{"id":1178,"date":"2023-09-02T12:16:00","date_gmt":"2023-09-02T10:16:00","guid":{"rendered":"https:\/\/deniksuper.cz\/?p=1178"},"modified":"2024-08-22T12:17:50","modified_gmt":"2024-08-22T10:17:50","slug":"jake-barvy-jsou-vhodne-do-loznice","status":"publish","type":"post","link":"https:\/\/deniksuper.cz\/?p=1178","title":{"rendered":"Jak\u00e9 barvy jsou vhodn\u00e9 do lo\u017enice?"},"content":{"rendered":"\n<p class=\"wp-block-paragraph\">V\u00fdb\u011br spr\u00e1vn\u00e9 barvy do lo\u017enice je d\u016fle\u017eit\u00fd, proto\u017ee ovliv\u0148uje na\u0161i n\u00e1ladu, sp\u00e1nek a celkovou pohodu. Ide\u00e1ln\u00ed barvy by m\u011bly b\u00fdt uklid\u0148uj\u00edc\u00ed a podporovat relaxaci. Zde je n\u011bkolik n\u00e1vrh\u016f:<\/p>\n\n\n\n<h3 class=\"wp-block-heading\"><strong>Klasick\u00e9 a uklid\u0148uj\u00edc\u00ed t\u00f3ny:<\/strong><\/h3>\n\n\n\n<ul class=\"wp-block-list\">\n<li><strong>Modr\u00e1:<\/strong> Symbolizuje klid a pohodu. Jemn\u00e9 odst\u00edny modr\u00e9 napodobuj\u00ed barvu oblohy a mo\u0159e, co\u017e napom\u00e1h\u00e1 k lep\u0161\u00edmu sp\u00e1nku.<\/li>\n\n\n\n<li><strong>Zelen\u00e1:<\/strong> Spojena s p\u0159\u00edrodou, navozuje pocit klidu a harmonie.<\/li>\n\n\n\n<li><strong>B\u00e9\u017eov\u00e1 a \u0161ed\u00e1:<\/strong> Neutr\u00e1ln\u00ed barvy, kter\u00e9 vytv\u00e1\u0159ej\u00ed tepl\u00e9 a \u00fatuln\u00e9 prost\u0159ed\u00ed.<\/li>\n\n\n\n<li><strong>Fialov\u00e1:<\/strong> V jemn\u00fdch odst\u00ednech p\u016fsob\u00ed uklid\u0148uj\u00edc\u00edm dojmem a podporuje kreativitu.<\/li>\n<\/ul>\n\n\n\n<h3 class=\"wp-block-heading\"><strong>Tepl\u00e9 a \u00fatuln\u00e9 t\u00f3ny:<\/strong><\/h3>\n\n\n\n<ul class=\"wp-block-list\">\n<li><strong>Sv\u011btle r\u016f\u017eov\u00e1:<\/strong> Dod\u00e1v\u00e1 lo\u017enici romantick\u00fd a jemn\u00fd n\u00e1dech.<\/li>\n\n\n\n<li><strong>Tepl\u00e9 odst\u00edny \u017elut\u00e9:<\/strong> P\u0159in\u00e1\u0161ej\u00ed do lo\u017enice pocit tepla a pohody.<\/li>\n\n\n\n<li><strong>Hn\u011bd\u00e1:<\/strong> Vytv\u00e1\u0159\u00ed \u00fatuln\u00e9 a p\u0159irozen\u00e9 prost\u0159ed\u00ed.<\/li>\n<\/ul>\n\n\n\n<h3 class=\"wp-block-heading\"><strong>Co se vyhnout:<\/strong><\/h3>\n\n\n\n<ul class=\"wp-block-list\">\n<li><strong>Tmav\u00e9 a syt\u00e9 barvy:<\/strong> Mohou p\u016fsobit t\u00edsniv\u011b a znesnadnit us\u00edn\u00e1n\u00ed.<\/li>\n\n\n\n<li><strong>Jasn\u00e9 a v\u00fdrazn\u00e9 barvy:<\/strong> Stimuluj\u00ed nervov\u00fd syst\u00e9m a mohou naru\u0161it sp\u00e1nek.<\/li>\n\n\n\n<li><strong>\u010cerven\u00e1:<\/strong> Je to velmi energick\u00e1 barva, kter\u00e1 nen\u00ed vhodn\u00e1 do lo\u017enice.<\/li>\n<\/ul>\n\n\n\n<h3 class=\"wp-block-heading\"><strong>Dal\u0161\u00ed faktory p\u0159i v\u00fdb\u011bru barvy:<\/strong><\/h3>\n\n\n\n<ul class=\"wp-block-list\">\n<li><strong>Velikost m\u00edstnosti:<\/strong> Tmav\u00e9 barvy mohou zmen\u0161it prostor, zat\u00edmco sv\u011btl\u00e9 barvy ho opticky zv\u011bt\u0161\u00ed.<\/li>\n\n\n\n<li><strong>Orientace m\u00edstnosti:<\/strong> Do lo\u017enice orientovan\u00e9 na jih se hod\u00ed chladn\u011bj\u0161\u00ed barvy, do lo\u017enice orientovan\u00e9 na sever zase teplej\u0161\u00ed.<\/li>\n\n\n\n<li><strong>Osobn\u00ed preference:<\/strong> Nejd\u016fle\u017eit\u011bj\u0161\u00ed je, abyste se v lo\u017enici c\u00edtili dob\u0159e. Vyberte si barvu, kter\u00e1 se v\u00e1m l\u00edb\u00ed a kter\u00e1 v\u00e1m p\u0159in\u00e1\u0161\u00ed pocit klidu.<\/li>\n<\/ul>\n\n\n\n<h3 class=\"wp-block-heading\"><strong>Tipy:<\/strong><\/h3>\n\n\n\n<ul class=\"wp-block-list\">\n<li><strong>Kombinujte barvy:<\/strong> Zkuste kombinovat hlavn\u00ed barvu se dv\u011bma a\u017e t\u0159emi dopl\u0148kov\u00fdmi odst\u00edny.<\/li>\n\n\n\n<li><strong>Vyu\u017eijte barvy na detailech:<\/strong> Pokud se boj\u00edte v\u00fdrazn\u00fdch barev na st\u011bn\u00e1ch, pou\u017eijte je na dopl\u0148ky, jako jsou pol\u0161t\u00e1\u0159e, p\u0159ehozy nebo obrazy.<\/li>\n\n\n\n<li><strong>Inspirujte se p\u0159\u00edrodou:<\/strong> P\u0159\u00edrodn\u00ed barvy, jako jsou odst\u00edny d\u0159eva, kamene nebo p\u00edsku, vytv\u00e1\u0159ej\u00ed harmonick\u00e9 prost\u0159ed\u00ed.<\/li>\n<\/ul>\n","protected":false},"excerpt":{"rendered":"<p>V\u00fdb\u011br spr\u00e1vn\u00e9 barvy do lo\u017enice je d\u016fle\u017eit\u00fd, proto\u017ee ovliv\u0148uje na\u0161i n\u00e1ladu, sp\u00e1nek a celkovou pohodu. Ide\u00e1ln\u00ed barvy by m\u011bly b\u00fdt uklid\u0148uj\u00edc\u00ed a podporovat relaxaci. Zde je n\u011bkolik n\u00e1vrh\u016f: Klasick\u00e9 a uklid\u0148uj\u00edc\u00ed t\u00f3ny: Tepl\u00e9 a \u00fatuln\u00e9 t\u00f3ny: Co se vyhnout: Dal\u0161\u00ed faktory p\u0159i v\u00fdb\u011bru barvy: Tipy:<\/p>\n","protected":false},"author":1,"featured_media":1179,"comment_status":"closed","ping_status":"closed","sticky":false,"template":"","format":"standard","meta":{"tdm_status":"","tdm_grid_status":"","footnotes":""},"categories":[6],"tags":[],"class_list":["post-1178","post","type-post","status-publish","format-standard","has-post-thumbnail","category-bydleni"],"amp_enabled":false,"_links":{"self":[{"href":"https:\/\/deniksuper.cz\/index.php?rest_route=\/wp\/v2\/posts\/1178","targetHints":{"allow":["GET"]}}],"collection":[{"href":"https:\/\/deniksuper.cz\/index.php?rest_route=\/wp\/v2\/posts"}],"about":[{"href":"https:\/\/deniksuper.cz\/index.php?rest_route=\/wp\/v2\/types\/post"}],"author":[{"embeddable":true,"href":"https:\/\/deniksuper.cz\/index.php?rest_route=\/wp\/v2\/users\/1"}],"replies":[{"embeddable":true,"href":"https:\/\/deniksuper.cz\/index.php?rest_route=%2Fwp%2Fv2%2Fcomments&post=1178"}],"version-history":[{"count":1,"href":"https:\/\/deniksuper.cz\/index.php?rest_route=\/wp\/v2\/posts\/1178\/revisions"}],"predecessor-version":[{"id":1180,"href":"https:\/\/deniksuper.cz\/index.php?rest_route=\/wp\/v2\/posts\/1178\/revisions\/1180"}],"wp:featuredmedia":[{"embeddable":true,"href":"https:\/\/deniksuper.cz\/index.php?rest_route=\/wp\/v2\/media\/1179"}],"wp:attachment":[{"href":"https:\/\/deniksuper.cz\/index.php?rest_route=%2Fwp%2Fv2%2Fmedia&parent=1178"}],"wp:term":[{"taxonomy":"category","embeddable":true,"href":"https:\/\/deniksuper.cz\/index.php?rest_route=%2Fwp%2Fv2%2Fcategories&post=1178"},{"taxonomy":"post_tag","embeddable":true,"href":"https:\/\/deniksuper.cz\/index.php?rest_route=%2Fwp%2Fv2%2Ftags&post=1178"}],"curies":[{"name":"wp","href":"https:\/\/api.w.org\/{rel}","templated":true}]}}