{"id":1154,"date":"2023-01-07T07:09:00","date_gmt":"2023-01-07T06:09:00","guid":{"rendered":"https:\/\/deniksuper.cz\/?p=1154"},"modified":"2024-08-21T07:09:42","modified_gmt":"2024-08-21T05:09:42","slug":"jak-vybrat-spravny-zahradni-nabytek","status":"publish","type":"post","link":"https:\/\/deniksuper.cz\/?p=1154","title":{"rendered":"Jak vybrat spr\u00e1vn\u00fd zahradn\u00ed n\u00e1bytek?"},"content":{"rendered":"\n<p class=\"wp-block-paragraph\">V\u00fdb\u011br zahradn\u00edho n\u00e1bytku m\u016f\u017ee b\u00fdt z\u00e1bavn\u00fd, ale z\u00e1rove\u0148 n\u00e1ro\u010dn\u00fd \u00fakol. Aby va\u0161e posezen\u00ed na zahrad\u011b bylo pohodln\u00e9, stylov\u00e9 a vydr\u017eelo co nejd\u00e9le, je pot\u0159eba zv\u00e1\u017eit n\u011bkolik faktor\u016f:<\/p>\n\n\n\n<h3 class=\"wp-block-heading\">1. <strong>Materi\u00e1l<\/strong><\/h3>\n\n\n\n<ul class=\"wp-block-list\">\n<li><strong>D\u0159evo:<\/strong> Klasika, kter\u00e1 dod\u00e1 zahrad\u011b tepl\u00fd a p\u0159\u00edrodn\u00ed vzhled. Vy\u017eaduje pravidelnou \u00fadr\u017ebu (olejov\u00e1n\u00ed, nat\u00edr\u00e1n\u00ed).<\/li>\n\n\n\n<li><strong>Plast:<\/strong> Levnou a odolnou variantu ocen\u00edte zejm\u00e9na pro svou nen\u00e1ro\u010dnost. M\u016f\u017ee v\u0161ak p\u016fsobit m\u00e9n\u011b elegantn\u011b.<\/li>\n\n\n\n<li><strong>Kov:<\/strong> Modern\u00ed a odoln\u00fd materi\u00e1l, \u010dasto kombinovan\u00fd s jin\u00fdmi materi\u00e1ly (nap\u0159. d\u0159evo, um\u011bl\u00fd ratan).<\/li>\n\n\n\n<li><strong>Um\u011bl\u00fd ratan:<\/strong> Imitace p\u0159\u00edrodn\u00edho ratanu, velmi obl\u00edben\u00e1 pro sv\u016fj vzhled a odolnost v\u016f\u010di pov\u011btrnostn\u00edm vliv\u016fm.<\/li>\n\n\n\n<li><strong>Textil\u00e9n:<\/strong> Odoln\u00e1 tkanina, \u010dasto pou\u017e\u00edvan\u00e1 na sed\u00e1ky a op\u011brky.<\/li>\n<\/ul>\n\n\n\n<h3 class=\"wp-block-heading\">2. <strong>Design a styl<\/strong><\/h3>\n\n\n\n<ul class=\"wp-block-list\">\n<li><strong>Zva\u017ete styl va\u0161\u00ed zahrady:<\/strong> Modern\u00ed, rustik\u00e1ln\u00ed, minimalistick\u00fd? N\u00e1bytek by m\u011bl ladit s celkov\u00fdm vzhledem.<\/li>\n\n\n\n<li><strong>Velikost a tvar:<\/strong> Zm\u011b\u0159te si prostor, abyste si vybrali n\u00e1bytek, kter\u00fd se v\u00e1m tam vejde a bude praktick\u00fd.<\/li>\n\n\n\n<li><strong>Barva:<\/strong> Vyberte barvu, kter\u00e1 se v\u00e1m l\u00edb\u00ed a z\u00e1rove\u0148 bude ladit s okol\u00edm.<\/li>\n<\/ul>\n\n\n\n<h3 class=\"wp-block-heading\">3. <strong>Pohodl\u00ed<\/strong><\/h3>\n\n\n\n<ul class=\"wp-block-list\">\n<li><strong>Sed\u00e1ky a pol\u0161t\u00e1\u0159e:<\/strong> Pro pohodln\u00e9 sezen\u00ed jsou nezbytnost\u00ed. Zvolte kvalitn\u00ed materi\u00e1ly, kter\u00e9 se snadno \u010dist\u00ed.<\/li>\n\n\n\n<li><strong>Op\u011brky:<\/strong> M\u011bly by b\u00fdt dostate\u010dn\u011b vysok\u00e9 a poskytovat pot\u0159ebnou oporu.<\/li>\n\n\n\n<li><strong>V\u00fd\u0161ka stolu:<\/strong> Zvolte takovou v\u00fd\u0161ku, aby v\u00e1m bylo pohodln\u011b sed\u011bt a j\u00edst.<\/li>\n<\/ul>\n\n\n\n<h3 class=\"wp-block-heading\">4. <strong>Odolnost<\/strong><\/h3>\n\n\n\n<ul class=\"wp-block-list\">\n<li><strong>Pov\u011btrnostn\u00ed vlivy:<\/strong> Pokud n\u00e1bytek pl\u00e1nujete nechat venku po cel\u00fd rok, vyberte materi\u00e1l odoln\u00fd v\u016f\u010di de\u0161ti, slunci a mrazu.<\/li>\n\n\n\n<li><strong>UV z\u00e1\u0159en\u00ed:<\/strong> M\u016f\u017ee zp\u016fsobit vyblednut\u00ed barev, proto volte n\u00e1bytek s UV ochranou.<\/li>\n<\/ul>\n\n\n\n<h3 class=\"wp-block-heading\">5. <strong>\u00dadr\u017eba<\/strong><\/h3>\n\n\n\n<ul class=\"wp-block-list\">\n<li><strong>\u010ci\u0161t\u011bn\u00ed:<\/strong> Zjist\u011bte si, jak se vybran\u00fd materi\u00e1l \u010dist\u00ed a jak \u010dasto vy\u017eaduje \u00fadr\u017ebu.<\/li>\n\n\n\n<li><strong>Skladov\u00e1n\u00ed:<\/strong> Pokud n\u00e1bytek pl\u00e1nujete na zimu ukl\u00e1dat, vyberte such\u00e9 a chr\u00e1n\u011bn\u00e9 m\u00edsto.<\/li>\n<\/ul>\n\n\n\n<h3 class=\"wp-block-heading\">6. <strong>Funk\u010dnost<\/strong><\/h3>\n\n\n\n<ul class=\"wp-block-list\">\n<li><strong>Skl\u00e1dac\u00ed n\u00e1bytek:<\/strong> Praktick\u00fd pro men\u0161\u00ed prostory nebo pokud pot\u0159ebujete n\u00e1bytek \u010dasto p\u0159em\u00eds\u0165ovat.<\/li>\n\n\n\n<li><strong>\u00dalo\u017en\u00e9 prostory:<\/strong> N\u011bkter\u00e9 modely nab\u00edzej\u00ed i praktick\u00e9 \u00falo\u017en\u00e9 prostory.<\/li>\n<\/ul>\n\n\n\n<p class=\"wp-block-paragraph\"><strong>Dal\u0161\u00ed tipy:<\/strong><\/p>\n\n\n\n<ul class=\"wp-block-list\">\n<li><strong>Rozpo\u010det:<\/strong> Ur\u010dete si, kolik chcete za zahradn\u00ed n\u00e1bytek utratit.<\/li>\n\n\n\n<li><strong>Z\u00e1ruka:<\/strong> Zkontrolujte z\u00e1ru\u010dn\u00ed podm\u00ednky.<\/li>\n\n\n\n<li><strong>Recenze:<\/strong> P\u0159e\u010dt\u011bte si recenze na vybran\u00fd produkt.<\/li>\n<\/ul>\n\n\n\n<p class=\"wp-block-paragraph\"><strong>Shrnut\u00ed:<\/strong> P\u0159i v\u00fdb\u011bru zahradn\u00edho n\u00e1bytku je d\u016fle\u017eit\u00e9 zv\u00e1\u017eit nejen vzhled, ale tak\u00e9 funk\u010dnost, odolnost a \u00fadr\u017ebu. Vyberte si n\u00e1bytek, kter\u00fd v\u00e1m bude slou\u017eit dlouh\u00e9 roky a p\u0159inese v\u00e1m mnoho p\u0159\u00edjemn\u00fdch chvil na zahrad\u011b.<\/p>\n","protected":false},"excerpt":{"rendered":"<p>V\u00fdb\u011br zahradn\u00edho n\u00e1bytku m\u016f\u017ee b\u00fdt z\u00e1bavn\u00fd, ale z\u00e1rove\u0148 n\u00e1ro\u010dn\u00fd \u00fakol. Aby va\u0161e posezen\u00ed na zahrad\u011b bylo pohodln\u00e9, stylov\u00e9 a vydr\u017eelo co nejd\u00e9le, je pot\u0159eba zv\u00e1\u017eit n\u011bkolik faktor\u016f: 1. Materi\u00e1l 2. Design a styl 3. Pohodl\u00ed 4. Odolnost 5. \u00dadr\u017eba 6. Funk\u010dnost Dal\u0161\u00ed tipy: Shrnut\u00ed: P\u0159i v\u00fdb\u011bru zahradn\u00edho n\u00e1bytku je d\u016fle\u017eit\u00e9 zv\u00e1\u017eit nejen vzhled, ale tak\u00e9 [&hellip;]<\/p>\n","protected":false},"author":1,"featured_media":1155,"comment_status":"closed","ping_status":"closed","sticky":false,"template":"","format":"standard","meta":{"tdm_status":"","tdm_grid_status":"","footnotes":""},"categories":[6],"tags":[],"class_list":["post-1154","post","type-post","status-publish","format-standard","has-post-thumbnail","category-bydleni"],"amp_enabled":false,"_links":{"self":[{"href":"https:\/\/deniksuper.cz\/index.php?rest_route=\/wp\/v2\/posts\/1154","targetHints":{"allow":["GET"]}}],"collection":[{"href":"https:\/\/deniksuper.cz\/index.php?rest_route=\/wp\/v2\/posts"}],"about":[{"href":"https:\/\/deniksuper.cz\/index.php?rest_route=\/wp\/v2\/types\/post"}],"author":[{"embeddable":true,"href":"https:\/\/deniksuper.cz\/index.php?rest_route=\/wp\/v2\/users\/1"}],"replies":[{"embeddable":true,"href":"https:\/\/deniksuper.cz\/index.php?rest_route=%2Fwp%2Fv2%2Fcomments&post=1154"}],"version-history":[{"count":1,"href":"https:\/\/deniksuper.cz\/index.php?rest_route=\/wp\/v2\/posts\/1154\/revisions"}],"predecessor-version":[{"id":1156,"href":"https:\/\/deniksuper.cz\/index.php?rest_route=\/wp\/v2\/posts\/1154\/revisions\/1156"}],"wp:featuredmedia":[{"embeddable":true,"href":"https:\/\/deniksuper.cz\/index.php?rest_route=\/wp\/v2\/media\/1155"}],"wp:attachment":[{"href":"https:\/\/deniksuper.cz\/index.php?rest_route=%2Fwp%2Fv2%2Fmedia&parent=1154"}],"wp:term":[{"taxonomy":"category","embeddable":true,"href":"https:\/\/deniksuper.cz\/index.php?rest_route=%2Fwp%2Fv2%2Fcategories&post=1154"},{"taxonomy":"post_tag","embeddable":true,"href":"https:\/\/deniksuper.cz\/index.php?rest_route=%2Fwp%2Fv2%2Ftags&post=1154"}],"curies":[{"name":"wp","href":"https:\/\/api.w.org\/{rel}","templated":true}]}}