{"id":1148,"date":"2022-11-04T07:00:00","date_gmt":"2022-11-04T06:00:00","guid":{"rendered":"https:\/\/deniksuper.cz\/?p=1148"},"modified":"2024-08-21T07:05:46","modified_gmt":"2024-08-21T05:05:46","slug":"male-terasy-7-tipu-na-efektivni-vyuziti-prostoru","status":"publish","type":"post","link":"https:\/\/deniksuper.cz\/?p=1148","title":{"rendered":"Mal\u00e9 terasy: 7 tip\u016f na efektivn\u00ed vyu\u017eit\u00ed prostoru"},"content":{"rendered":"\n<p class=\"wp-block-paragraph\">M\u00e1te malou terasu a chcete z n\u00ed vyt\u011b\u017eit maximum? I na mal\u00e9m prostoru m\u016f\u017eete vytvo\u0159it o\u00e1zu klidu a pohodl\u00ed. Sta\u010d\u00ed se \u0159\u00eddit n\u011bkolika jednoduch\u00fdmi tipy.<\/p>\n\n\n\n<h3 class=\"wp-block-heading\">1. <strong>N\u00e1bytek na m\u00edru<\/strong><\/h3>\n\n\n\n<ul class=\"wp-block-list\">\n<li><strong>Sklopn\u00e9 stoly a \u017eidle:<\/strong> U\u0161et\u0159\u00ed v\u00e1m spoustu m\u00edsta, kter\u00e9 m\u016f\u017eete vyu\u017e\u00edt jinak.<\/li>\n\n\n\n<li><strong>Multifunk\u010dn\u00ed n\u00e1bytek:<\/strong> Lavice se \u00falo\u017en\u00fdm prostorem nebo k\u0159esla s odkl\u00e1dac\u00edmi stolky jsou skv\u011bl\u00fdm \u0159e\u0161en\u00edm.<\/li>\n\n\n\n<li><strong>Lehk\u00fd a skladn\u00fd n\u00e1bytek:<\/strong> Snadno ho p\u0159em\u00edst\u00edte a uskladn\u00edte, kdy\u017e ho zrovna nepot\u0159ebujete.<\/li>\n<\/ul>\n\n\n\n<h3 class=\"wp-block-heading\">2. <strong>Vertik\u00e1ln\u00ed zahrada<\/strong><\/h3>\n\n\n\n<ul class=\"wp-block-list\">\n<li><strong>Rostliny na st\u011bn\u00e1ch:<\/strong> Vyu\u017eijte st\u011bny k vytvo\u0159en\u00ed zelen\u00e9 o\u00e1zy.<\/li>\n\n\n\n<li><strong>Z\u00e1v\u011bsn\u00e9 kv\u011btin\u00e1\u010de:<\/strong> Ide\u00e1ln\u00ed pro bylinky, kv\u011btiny nebo mal\u00e9 ke\u0159\u00edky.<\/li>\n\n\n\n<li><strong>Pergola s pop\u00ednav\u00fdmi rostlinami:<\/strong> Dod\u00e1 va\u0161\u00ed terase soukrom\u00ed a \u00fatulnost.<\/li>\n<\/ul>\n\n\n\n<h3 class=\"wp-block-heading\">3. <strong>Odrazov\u00e9 plochy<\/strong><\/h3>\n\n\n\n<ul class=\"wp-block-list\">\n<li><strong>Zrcadla:<\/strong> Opticky zv\u011bt\u0161\u00ed prostor a vytvo\u0159\u00ed dojem v\u011bt\u0161\u00ed hloubky.<\/li>\n\n\n\n<li><strong>Leskl\u00e9 materi\u00e1ly:<\/strong> Nap\u0159\u00edklad kovov\u00e9 nebo sklen\u011bn\u00e9 prvky dodaj\u00ed terase modern\u00ed vzhled.<\/li>\n<\/ul>\n\n\n\n<h3 class=\"wp-block-heading\">4. <strong>Chytr\u00e9 \u00falo\u017en\u00e9 prostory<\/strong><\/h3>\n\n\n\n<ul class=\"wp-block-list\">\n<li><strong>Sk\u0159\u00ed\u0148ky pod sed\u00e1ky:<\/strong> Skryj\u00ed pol\u0161t\u00e1\u0159e a dal\u0161\u00ed drobnosti.<\/li>\n\n\n\n<li><strong>Z\u00e1v\u011bsn\u00e9 ko\u0161\u00edky:<\/strong> Ide\u00e1ln\u00ed pro n\u00e1\u0159ad\u00ed, kv\u011btin\u00e1\u010de nebo dekorace.<\/li>\n\n\n\n<li><strong>Multifunk\u010dn\u00ed n\u00e1bytek s \u00falo\u017en\u00fdm prostorem:<\/strong> U\u017e jsme ho zm\u00ednili, ale stoj\u00ed za to ho p\u0159ipomenout.<\/li>\n<\/ul>\n\n\n\n<h3 class=\"wp-block-heading\">5. <strong>Osv\u011btlen\u00ed<\/strong><\/h3>\n\n\n\n<ul class=\"wp-block-list\">\n<li><strong>Bodov\u00e1 sv\u011btla:<\/strong> Zam\u011b\u0159te je na konkr\u00e9tn\u00ed prvky, kter\u00e9 chcete zv\u00fdraznit.<\/li>\n\n\n\n<li><strong>Girlandy:<\/strong> Vytvo\u0159\u00ed p\u0159\u00edjemnou atmosf\u00e9ru a dodaj\u00ed terase romantick\u00fd n\u00e1dech.<\/li>\n\n\n\n<li><strong>Sol\u00e1rn\u00ed lampy:<\/strong> Praktick\u00e9 a ekologick\u00e9 \u0159e\u0161en\u00ed.<\/li>\n<\/ul>\n\n\n\n<h3 class=\"wp-block-heading\">6. <strong>Barevn\u00e1 paleta<\/strong><\/h3>\n\n\n\n<ul class=\"wp-block-list\">\n<li><strong>Sv\u011btl\u00e9 barvy:<\/strong> Opticky zv\u011bt\u0161\u00ed prostor.<\/li>\n\n\n\n<li><strong>Dopl\u0148ky v kontrastn\u00edch barv\u00e1ch:<\/strong> O\u017eiv\u00ed va\u0161i terasu.<\/li>\n<\/ul>\n\n\n\n<h3 class=\"wp-block-heading\">7. <strong>Minimalismus<\/strong><\/h3>\n\n\n\n<ul class=\"wp-block-list\">\n<li><strong>M\u00e9n\u011b je v\u00edce:<\/strong> Vyhn\u011bte se p\u0159epln\u011bnosti.<\/li>\n\n\n\n<li><strong>Vyberte si n\u011bkolik obl\u00edben\u00fdch dekorac\u00ed:<\/strong> D\u016fle\u017eit\u00e9 je, aby se v\u00e1m na terase l\u00edbilo.<\/li>\n<\/ul>\n\n\n\n<p class=\"wp-block-paragraph\"><strong>Tip nav\u00edc:<\/strong> Nezapom\u00ednejte na pohodln\u00e9 sezen\u00ed a p\u0159\u00edjemn\u00e9 osv\u011btlen\u00ed. Na mal\u00e9 terase se nejl\u00e9pe hod\u00ed leh\u00e1tka, k\u0159esla nebo mal\u00e9 posezen\u00ed.<\/p>\n","protected":false},"excerpt":{"rendered":"<p>M\u00e1te malou terasu a chcete z n\u00ed vyt\u011b\u017eit maximum? I na mal\u00e9m prostoru m\u016f\u017eete vytvo\u0159it o\u00e1zu klidu a pohodl\u00ed. Sta\u010d\u00ed se \u0159\u00eddit n\u011bkolika jednoduch\u00fdmi tipy. 1. N\u00e1bytek na m\u00edru 2. Vertik\u00e1ln\u00ed zahrada 3. Odrazov\u00e9 plochy 4. Chytr\u00e9 \u00falo\u017en\u00e9 prostory 5. Osv\u011btlen\u00ed 6. Barevn\u00e1 paleta 7. Minimalismus Tip nav\u00edc: Nezapom\u00ednejte na pohodln\u00e9 sezen\u00ed a p\u0159\u00edjemn\u00e9 osv\u011btlen\u00ed. [&hellip;]<\/p>\n","protected":false},"author":1,"featured_media":1149,"comment_status":"closed","ping_status":"closed","sticky":false,"template":"","format":"standard","meta":{"tdm_status":"","tdm_grid_status":"","footnotes":""},"categories":[6],"tags":[],"class_list":["post-1148","post","type-post","status-publish","format-standard","has-post-thumbnail","category-bydleni"],"amp_enabled":false,"_links":{"self":[{"href":"https:\/\/deniksuper.cz\/index.php?rest_route=\/wp\/v2\/posts\/1148","targetHints":{"allow":["GET"]}}],"collection":[{"href":"https:\/\/deniksuper.cz\/index.php?rest_route=\/wp\/v2\/posts"}],"about":[{"href":"https:\/\/deniksuper.cz\/index.php?rest_route=\/wp\/v2\/types\/post"}],"author":[{"embeddable":true,"href":"https:\/\/deniksuper.cz\/index.php?rest_route=\/wp\/v2\/users\/1"}],"replies":[{"embeddable":true,"href":"https:\/\/deniksuper.cz\/index.php?rest_route=%2Fwp%2Fv2%2Fcomments&post=1148"}],"version-history":[{"count":1,"href":"https:\/\/deniksuper.cz\/index.php?rest_route=\/wp\/v2\/posts\/1148\/revisions"}],"predecessor-version":[{"id":1150,"href":"https:\/\/deniksuper.cz\/index.php?rest_route=\/wp\/v2\/posts\/1148\/revisions\/1150"}],"wp:featuredmedia":[{"embeddable":true,"href":"https:\/\/deniksuper.cz\/index.php?rest_route=\/wp\/v2\/media\/1149"}],"wp:attachment":[{"href":"https:\/\/deniksuper.cz\/index.php?rest_route=%2Fwp%2Fv2%2Fmedia&parent=1148"}],"wp:term":[{"taxonomy":"category","embeddable":true,"href":"https:\/\/deniksuper.cz\/index.php?rest_route=%2Fwp%2Fv2%2Fcategories&post=1148"},{"taxonomy":"post_tag","embeddable":true,"href":"https:\/\/deniksuper.cz\/index.php?rest_route=%2Fwp%2Fv2%2Ftags&post=1148"}],"curies":[{"name":"wp","href":"https:\/\/api.w.org\/{rel}","templated":true}]}}